{"id":11598,"date":"2023-02-24T14:55:55","date_gmt":"2023-02-24T13:55:55","guid":{"rendered":"https:\/\/www.movistar.es\/blog\/?p=11598"},"modified":"2025-03-10T19:05:32","modified_gmt":"2025-03-10T18:05:32","slug":"living-app-mwc","status":"publish","type":"post","link":"https:\/\/www.movistar.es\/blog\/movistar-plus\/living-app-mwc\/","title":{"rendered":"C\u00f3mo revivir el Mobile World Congress 2025 de Barcelona desde tu TV con la Living App MWC25 de Movistar Plus+"},"content":{"rendered":"\n<p>Del\u00a0<strong>3\u00a0al 6 de marzo se celebr\u00f3 en Barcelona<\/strong>\u00a0el\u00a0<strong>Mobile World Congress<\/strong>, la mayor feria de tecnolog\u00eda del mundo. En ella se pudieron ver las \u00faltimas novedades del sector de las telecomunicaciones. Como ya viene siendo habitual,\u00a0<a href=\"https:\/\/www.telefonica.com\/es\/mwc\/?utm_source=Post_blog_movistar&amp;utm_medium=Blog&amp;utm_campaign=MWC24_Living_App\" target=\"_blank\" rel=\"noreferrer noopener\"><strong>Telef\u00f3nica<\/strong><\/a>,\u00a0bajo el lema <strong>\u201cLeading Change Inspiring Progress\u201d\u00a0<\/strong>cont\u00f3 con una importante participaci\u00f3n en el evento. En su stand se presentaron diferentes demos y se llevaron a cabo ponencias de multitud de expertos de diferentes sectores.\u00a0<\/p>\n\n\n\n<p>Tanto para conocer las demos presentadas en el stand, como para revivir las charlas que se dieron, solo ser\u00e1 necesario ser\u00a0<strong>cliente de\u00a0<\/strong><a href=\"https:\/\/www.movistar.es\/tv\/movistar-plus?utm_source=Post_blog_movistar&amp;utm_medium=Blog&amp;utm_campaign=MWC24_Living_App\"><strong>Movistar Plus+<\/strong><\/a>\u00a0y acceder a Apps desde el men\u00fa principal, ya que un a\u00f1o m\u00e1s pueden disfrutar de todas las actividades que se realizaron a trav\u00e9s de su TV con la\u00a0<strong>Living App del MWC 2025<\/strong>.\u00a0\u00a0<\/p>\n\n\n\n<h2 class=\"wp-block-heading\" id=\"h-como-acceder-a-la-living-app-de-mwc-barcelona-2025\"><strong>C\u00f3mo acceder a la Living App de MWC Barcelona 2025<\/strong><span style=\"font-family: -webkit-standard;font-size: medium\"><\/span><\/h2>\n\n\n\n<p>\u00bfQuieres saber c\u00f3mo puedes ver todos los contenidos? Enciende tu\u00a0<a href=\"https:\/\/www.movistar.es\/particulares\/movil\/moviles\/descodificador-uhd\/?utm_source=Post_blog_movistar&amp;utm_medium=Blog&amp;utm_campaign=MWC24_Living_App\" target=\"_blank\" rel=\"noreferrer noopener\"><strong>Descodificador UHD<\/strong><\/a>\u00a0y accede a Movistar Plus+ en tu TV. Una vez dentro del men\u00fa principal, entra en la pesta\u00f1a de \u201cApps\u201d, situada a la izquierda de la opci\u00f3n de perfiles. A continuaci\u00f3n, pincha en la Living App del MWC 2025 y disfruta de todo lo que ocurri\u00f3 en el \u00c1gora de Telef\u00f3nica. \u00a0<\/p>\n\n\n\n<h2 class=\"wp-block-heading\" id=\"h-no-te-pierdas-ninguna-ponencia-con-la-living-app-del-mwc25\"><strong>No te pierdas ninguna ponencia con la Living App del MWC25<\/strong><span style=\"font-family: -webkit-standard;font-size: medium\"><\/span><span style=\"font-family: -webkit-standard;font-size: medium\"><\/span><\/h2>\n\n\n\n<p>Entre el contenido que podr\u00e1s disfrutar se encuentra la conferencia de apertura en la que particip\u00f3 el Presidente Ejecutivo de Telef\u00f3nica,\u00a0Marc Murtra, sobre \u201cKeynote 1. The gateway to a new future\u201d\u00a0\u00a0y el resto de charlas que se realizaron en el\u00a0<strong>\u00c1gora<\/strong>\u00a0de Telef\u00f3nica por expertos tecnol\u00f3gicos.\u00a0<\/p>\n\n\n\n<p>Para visualizar al detalle todas las ponencias,\u00a0<strong><a href=\"https:\/\/www.movistar.es\/atencion-cliente\/living-apps?utm_source=Post_blog_movistar&amp;utm_medium=Blog&amp;utm_campaign=MWC24_Living_App\" target=\"_blank\" rel=\"noreferrer noopener\">dentro de la Living App<\/a><\/strong>\u00a0puedes acceder al apartado de \u00abNuestras sesiones\u00bb donde encontrar\u00e1s cada una de las charlas.<\/p>\n\n\n\n<figure class=\"wp-block-image size-large\"><img loading=\"lazy\" decoding=\"async\" height=\"536\" width=\"1024\" src=\"https:\/\/www.movistar.es\/blog\/wp-content\/uploads\/sites\/3\/2023\/02\/workplace-revive-las-demos-y-mejores-momentos-del-MWC25-con-la-living-app-1040x544-1.jpg?w=1024\" alt=\"\" class=\"wp-image-26637\" srcset=\"https:\/\/www.movistar.es\/blog\/wp-content\/uploads\/sites\/3\/2023\/02\/workplace-revive-las-demos-y-mejores-momentos-del-MWC25-con-la-living-app-1040x544-1.jpg 1040w, https:\/\/www.movistar.es\/blog\/wp-content\/uploads\/sites\/3\/2023\/02\/workplace-revive-las-demos-y-mejores-momentos-del-MWC25-con-la-living-app-1040x544-1.jpg?resize=300,157 300w, https:\/\/www.movistar.es\/blog\/wp-content\/uploads\/sites\/3\/2023\/02\/workplace-revive-las-demos-y-mejores-momentos-del-MWC25-con-la-living-app-1040x544-1.jpg?resize=768,402 768w, https:\/\/www.movistar.es\/blog\/wp-content\/uploads\/sites\/3\/2023\/02\/workplace-revive-las-demos-y-mejores-momentos-del-MWC25-con-la-living-app-1040x544-1.jpg?resize=1024,536 1024w\" sizes=\"auto, (max-width: 1024px) 100vw, 1024px\" \/><\/figure>\n\n\n\n<h2 class=\"wp-block-heading\" id=\"h-explora-el-stand-virtual-de-telefonica-y-wayra-en-el-mwc-nbsp-2025\"><strong><strong>Explora el Stand Virtual de Telef\u00f3nica y Wayra en el MWC&nbsp;2025<\/strong><\/strong><span style=\"font-family: -webkit-standard;font-size: medium\"><\/span><\/h2>\n\n\n\n<p>Con motivo del&nbsp;<strong>Mobile World Congress 2025<\/strong>,&nbsp;<strong>Telef\u00f3nica<\/strong>&nbsp;continu\u00f3 reforzando su compromiso con la innovaci\u00f3n digital y el&nbsp;<a href=\"https:\/\/metaverso.telefonica.com\/\">Metaverso<\/a>, trasladando su stand f\u00edsico a un espacio virtual inmersivo en&nbsp;<strong>Spatial<\/strong>.&nbsp;<\/p>\n\n\n\n<p>Desde cualquier lugar del mundo, los usuarios pueden acceder nuevamente al stand de&nbsp;<strong>Telef\u00f3nica y Wayra&nbsp;<\/strong>a trav\u00e9s de un avatar, y dar un paseo para conocer las&nbsp;<strong>tres demos tecnol\u00f3gicas<\/strong>&nbsp;de la compa\u00f1\u00eda, interactuar en tiempo real con otros visitantes y disfrutar del video de mejores momentos del evento.<\/p>\n\n\n\n<p>Esta propuesta busca ofrecer una forma m\u00e1s&nbsp;<strong>din\u00e1mica e interactiva<\/strong>&nbsp;de vivir el MWC25, eliminando barreras y acercando la tecnolog\u00eda a todos los interesados.<\/p>\n\n\n\n<p>Puedes acceder de forma r\u00e1pida, sin registrarte y con un avatar predeterminado, o si lo deseas personaliz\u00e1ndolo como te explicamos a continuaci\u00f3n:<\/p>\n\n\n\n<p>Con\u00e9ctate al stand virtual en&nbsp;<strong><a href=\"https:\/\/www.spatial.io\/s\/Telefonica-MWC-2025-67b6fb22b802367d5b85f91d?share=8874676530205531784\" target=\"_blank\" rel=\"noreferrer noopener\">Spatial<\/a><\/strong>&nbsp;y sigue estos pasos:<\/p>\n\n\n\n<ol start=\"1\" class=\"wp-block-list\">\n<li><strong><a href=\"https:\/\/www.spatial.io\/s\/Telefonica-MWC-2025-67b6fb22b802367d5b85f91d?share=8874676530205531784\" target=\"_blank\" rel=\"noreferrer noopener\">Reg\u00edstrate en Spatial<\/a><\/strong>: Usa tu PC, m\u00f3vil o Meta Quest e inicia sesi\u00f3n con tu correo electr\u00f3nico o tu wallet de&nbsp;<strong>MetaMask<\/strong>.<\/li>\n\n\n\n<li><strong>Personaliza tu avatar<\/strong>: Dise\u00f1a tu propia identidad digital con&nbsp;<strong>Ready Player Me<\/strong>&nbsp;o elige uno predeterminado.<\/li>\n\n\n\n<li><strong>Explora y con\u00e9ctate<\/strong>: Disfruta de contenido exclusivo, accede a las demos y conecta con la comunidad tecnol\u00f3gica.<\/li>\n<\/ol>\n\n\n\n<figure class=\"wp-block-image size-large\"><img loading=\"lazy\" decoding=\"async\" height=\"640\" width=\"1024\" src=\"https:\/\/www.movistar.es\/blog\/wp-content\/uploads\/sites\/3\/2023\/02\/blog-movistar-spatial-y-living-app-mwc25-during-inpost-01.jpg?w=1024\" alt=\"\" class=\"wp-image-26631\" srcset=\"https:\/\/www.movistar.es\/blog\/wp-content\/uploads\/sites\/3\/2023\/02\/blog-movistar-spatial-y-living-app-mwc25-during-inpost-01.jpg 1040w, https:\/\/www.movistar.es\/blog\/wp-content\/uploads\/sites\/3\/2023\/02\/blog-movistar-spatial-y-living-app-mwc25-during-inpost-01.jpg?resize=300,188 300w, https:\/\/www.movistar.es\/blog\/wp-content\/uploads\/sites\/3\/2023\/02\/blog-movistar-spatial-y-living-app-mwc25-during-inpost-01.jpg?resize=768,480 768w, https:\/\/www.movistar.es\/blog\/wp-content\/uploads\/sites\/3\/2023\/02\/blog-movistar-spatial-y-living-app-mwc25-during-inpost-01.jpg?resize=1024,640 1024w\" sizes=\"auto, (max-width: 1024px) 100vw, 1024px\" \/><\/figure>\n\n\n\n<p>Adem\u00e1s, descubre el&nbsp;<a href=\"https:\/\/www.tu.com\/es\/blogs\/noticias\/universo-tu-spatial\" target=\"_blank\" rel=\"noreferrer noopener\"><strong>Universo TU<\/strong><\/a>&nbsp;en&nbsp;<a href=\"https:\/\/www.spatial.io\/s\/Universo-TU-6799f7c51f942e7ff2fd1872?share=8612012095662182981\" target=\"_blank\" rel=\"noreferrer noopener\">Spatial<\/a>: un entorno digital con contenido sobre&nbsp;<strong>ciberseguridad, Web3, IA<\/strong>&nbsp;y m\u00e1s. No te pierdas el&nbsp;<strong>\u00c1gora<\/strong>, donde los avatares pueden reunirse y disfrutar de contenido especial en una pantalla gigante. Desde all\u00ed, tambi\u00e9n puedes conectar directamente con el stand de Telef\u00f3nica en el&nbsp;<strong>MWC25<\/strong>.<\/p>\n\n\n\n<figure class=\"wp-block-image size-large\"><img loading=\"lazy\" decoding=\"async\" height=\"640\" width=\"1024\" src=\"https:\/\/www.movistar.es\/blog\/wp-content\/uploads\/sites\/3\/2023\/02\/blog-movistar-spatial-y-living-app-mwc25-inpost-03.jpg?w=1024\" alt=\"\" class=\"wp-image-26623\" srcset=\"https:\/\/www.movistar.es\/blog\/wp-content\/uploads\/sites\/3\/2023\/02\/blog-movistar-spatial-y-living-app-mwc25-inpost-03.jpg 1040w, https:\/\/www.movistar.es\/blog\/wp-content\/uploads\/sites\/3\/2023\/02\/blog-movistar-spatial-y-living-app-mwc25-inpost-03.jpg?resize=300,188 300w, https:\/\/www.movistar.es\/blog\/wp-content\/uploads\/sites\/3\/2023\/02\/blog-movistar-spatial-y-living-app-mwc25-inpost-03.jpg?resize=768,480 768w, https:\/\/www.movistar.es\/blog\/wp-content\/uploads\/sites\/3\/2023\/02\/blog-movistar-spatial-y-living-app-mwc25-inpost-03.jpg?resize=1024,640 1024w\" sizes=\"auto, (max-width: 1024px) 100vw, 1024px\" \/><\/figure>\n\n\n\n<p><strong>No te pierdas ninguna de las novedades que Telef\u00f3nica present\u00f3 en el MWC 2025<\/strong>\u00a0en su stand virtual y la Living App del MWC 2025 en Movistar Plus+.\u00a0<p class=\"MsoNormal\" style=\"margin: 0cm;font-size: medium;font-family: Aptos, sans-serif\"><span style=\"font-size: 11pt;font-family: Calibri, sans-serif\"><\/span><\/p><\/p>\n","protected":false},"excerpt":{"rendered":"<p>Del\u00a03\u00a0al 6 de marzo se celebr\u00f3 en Barcelona\u00a0el\u00a0Mobile World Congress, la mayor feria de tecnolog\u00eda del mundo. En ella se pudieron ver las \u00faltimas novedades del sector de las telecomunicaciones. Como ya viene siendo habitual,\u00a0Telef\u00f3nica,\u00a0bajo [&hellip;]<\/p>\n","protected":false},"author":141,"featured_media":26626,"comment_status":"closed","ping_status":"closed","sticky":false,"template":"","format":"standard","meta":{"site-sidebar-layout":"default","site-content-layout":"","ast-site-content-layout":"default","site-content-style":"default","site-sidebar-style":"default","ast-global-header-display":"","ast-banner-title-visibility":"","ast-main-header-display":"","ast-hfb-above-header-display":"","ast-hfb-below-header-display":"","ast-hfb-mobile-header-display":"","site-post-title":"","ast-breadcrumbs-content":"","ast-featured-img":"","footer-sml-layout":"","theme-transparent-header-meta":"","adv-header-id-meta":"","stick-header-meta":"","header-above-stick-meta":"","header-main-stick-meta":"","header-below-stick-meta":"","astra-migrate-meta-layouts":"set","ast-page-background-enabled":"default","ast-page-background-meta":{"desktop":{"background-color":"var(--ast-global-color-4)","background-image":"","background-repeat":"repeat","background-position":"center center","background-size":"auto","background-attachment":"scroll","background-type":"","background-media":"","overlay-type":"","overlay-color":"","overlay-opacity":"","overlay-gradient":""},"tablet":{"background-color":"","background-image":"","background-repeat":"repeat","background-position":"center center","background-size":"auto","background-attachment":"scroll","background-type":"","background-media":"","overlay-type":"","overlay-color":"","overlay-opacity":"","overlay-gradient":""},"mobile":{"background-color":"","background-image":"","background-repeat":"repeat","background-position":"center center","background-size":"auto","background-attachment":"scroll","background-type":"","background-media":"","overlay-type":"","overlay-color":"","overlay-opacity":"","overlay-gradient":""}},"ast-content-background-meta":{"desktop":{"background-color":"var(--ast-global-color-5)","background-image":"","background-repeat":"repeat","background-position":"center center","background-size":"auto","background-attachment":"scroll","background-type":"","background-media":"","overlay-type":"","overlay-color":"","overlay-opacity":"","overlay-gradient":""},"tablet":{"background-color":"var(--ast-global-color-5)","background-image":"","background-repeat":"repeat","background-position":"center center","background-size":"auto","background-attachment":"scroll","background-type":"","background-media":"","overlay-type":"","overlay-color":"","overlay-opacity":"","overlay-gradient":""},"mobile":{"background-color":"var(--ast-global-color-5)","background-image":"","background-repeat":"repeat","background-position":"center center","background-size":"auto","background-attachment":"scroll","background-type":"","background-media":"","overlay-type":"","overlay-color":"","overlay-opacity":"","overlay-gradient":""}},"_jetpack_memberships_contains_paid_content":false,"footnotes":""},"categories":[1],"tags":[],"area":[7],"cluster":[45],"linea_editorial":[],"coauthors":[537],"class_list":["post-11598","post","type-post","status-publish","format-standard","has-post-thumbnail","hentry","category-sin-categoria","area-digital-client","cluster-movistar-plus"],"yoast_head":"<!-- This site is optimized with the Yoast SEO Premium plugin v25.5 (Yoast SEO v25.5) - https:\/\/yoast.com\/wordpress\/plugins\/seo\/ -->\n<title>Sigue online el Mobile World Congress 2025 desde donde est\u00e9s<\/title>\n<meta name=\"description\" content=\"Disfruta de las charlas de Telef\u00f3nica en el MWC 2025 de manera online desde la Living App MWC25 de Movistar Plus+ o en nuestro Stand Virtual en Spatial.\" \/>\n<meta name=\"robots\" content=\"index, follow, max-snippet:-1, max-image-preview:large, max-video-preview:-1\" \/>\n<link rel=\"canonical\" href=\"https:\/\/www.movistar.es\/blog\/movistar-plus\/living-app-mwc\/\" \/>\n<meta property=\"og:locale\" content=\"es_ES\" \/>\n<meta property=\"og:type\" content=\"article\" \/>\n<meta property=\"og:title\" content=\"C\u00f3mo revivir el Mobile World Congress 2025 de Barcelona desde tu TV con la Living App MWC25 de Movistar Plus+\" \/>\n<meta property=\"og:description\" content=\"Disfruta de las charlas de Telef\u00f3nica en el MWC 2025 de manera online desde la Living App MWC25 de Movistar Plus+ o en nuestro Stand Virtual en Spatial.\" \/>\n<meta property=\"og:url\" content=\"https:\/\/www.movistar.es\/blog\/movistar-plus\/living-app-mwc\/\" \/>\n<meta property=\"og:site_name\" content=\"Movistar blog\" \/>\n<meta property=\"article:author\" content=\"telefonica\" \/>\n<meta property=\"article:published_time\" content=\"2023-02-24T13:55:55+00:00\" \/>\n<meta property=\"article:modified_time\" content=\"2025-03-10T18:05:32+00:00\" \/>\n<meta property=\"og:image\" content=\"https:\/\/www.movistar.es\/blog\/wp-content\/uploads\/sites\/3\/2023\/02\/blog-movistar-spatial-y-living-app-mwc25-cabecera-1.jpg\" \/>\n\t<meta property=\"og:image:width\" content=\"1040\" \/>\n\t<meta property=\"og:image:height\" content=\"400\" \/>\n\t<meta property=\"og:image:type\" content=\"image\/jpeg\" \/>\n<meta name=\"author\" content=\"Equipo Digital Home de Telef\u00f3nica\" \/>\n<meta name=\"twitter:card\" content=\"summary_large_image\" \/>\n<meta name=\"twitter:creator\" content=\"@telefonica\" \/>\n<meta name=\"twitter:label1\" content=\"Written by\" \/>\n\t<meta name=\"twitter:data1\" content=\"Equipo Digital Home de Telef\u00f3nica\" \/>\n\t<meta name=\"twitter:label2\" content=\"Est. reading time\" \/>\n\t<meta name=\"twitter:data2\" content=\"4 minutos\" \/>\n<script type=\"application\/ld+json\" class=\"yoast-schema-graph\">{\"@context\":\"https:\/\/schema.org\",\"@graph\":[{\"@type\":\"Article\",\"@id\":\"https:\/\/www.movistar.es\/blog\/movistar-plus\/living-app-mwc\/#article\",\"isPartOf\":{\"@id\":\"https:\/\/www.movistar.es\/blog\/movistar-plus\/living-app-mwc\/\"},\"author\":{\"name\":\"Equipo Digital Home de Telef\u00f3nica\",\"@id\":\"https:\/\/www.movistar.es\/blog\/#\/schema\/person\/017db1b90e8802ac5dfd3618d922a394\"},\"headline\":\"C\u00f3mo revivir el Mobile World Congress 2025 de Barcelona desde tu TV con la Living App MWC25 de Movistar Plus+\",\"datePublished\":\"2023-02-24T13:55:55+00:00\",\"dateModified\":\"2025-03-10T18:05:32+00:00\",\"mainEntityOfPage\":{\"@id\":\"https:\/\/www.movistar.es\/blog\/movistar-plus\/living-app-mwc\/\"},\"wordCount\":653,\"publisher\":{\"@id\":\"https:\/\/www.movistar.es\/blog\/#organization\"},\"image\":{\"@id\":\"https:\/\/www.movistar.es\/blog\/movistar-plus\/living-app-mwc\/#primaryimage\"},\"thumbnailUrl\":\"https:\/\/www.movistar.es\/blog\/wp-content\/uploads\/sites\/3\/2023\/02\/blog-movistar-spatial-y-living-app-mwc25-cabecera-1.jpg\",\"inLanguage\":\"es\"},{\"@type\":\"WebPage\",\"@id\":\"https:\/\/www.movistar.es\/blog\/movistar-plus\/living-app-mwc\/\",\"url\":\"https:\/\/www.movistar.es\/blog\/movistar-plus\/living-app-mwc\/\",\"name\":\"Sigue online el Mobile World Congress 2025 desde donde est\u00e9s\",\"isPartOf\":{\"@id\":\"https:\/\/www.movistar.es\/blog\/#website\"},\"primaryImageOfPage\":{\"@id\":\"https:\/\/www.movistar.es\/blog\/movistar-plus\/living-app-mwc\/#primaryimage\"},\"image\":{\"@id\":\"https:\/\/www.movistar.es\/blog\/movistar-plus\/living-app-mwc\/#primaryimage\"},\"thumbnailUrl\":\"https:\/\/www.movistar.es\/blog\/wp-content\/uploads\/sites\/3\/2023\/02\/blog-movistar-spatial-y-living-app-mwc25-cabecera-1.jpg\",\"datePublished\":\"2023-02-24T13:55:55+00:00\",\"dateModified\":\"2025-03-10T18:05:32+00:00\",\"description\":\"Disfruta de las charlas de Telef\u00f3nica en el MWC 2025 de manera online desde la Living App MWC25 de Movistar Plus+ o en nuestro Stand Virtual en Spatial.\",\"breadcrumb\":{\"@id\":\"https:\/\/www.movistar.es\/blog\/movistar-plus\/living-app-mwc\/#breadcrumb\"},\"inLanguage\":\"es\",\"potentialAction\":[{\"@type\":\"ReadAction\",\"target\":[\"https:\/\/www.movistar.es\/blog\/movistar-plus\/living-app-mwc\/\"]}]},{\"@type\":\"ImageObject\",\"inLanguage\":\"es\",\"@id\":\"https:\/\/www.movistar.es\/blog\/movistar-plus\/living-app-mwc\/#primaryimage\",\"url\":\"https:\/\/www.movistar.es\/blog\/wp-content\/uploads\/sites\/3\/2023\/02\/blog-movistar-spatial-y-living-app-mwc25-cabecera-1.jpg\",\"contentUrl\":\"https:\/\/www.movistar.es\/blog\/wp-content\/uploads\/sites\/3\/2023\/02\/blog-movistar-spatial-y-living-app-mwc25-cabecera-1.jpg\",\"width\":1040,\"height\":400,\"caption\":\"Hombre viendo la tele desde su sal\u00f3n\"},{\"@type\":\"BreadcrumbList\",\"@id\":\"https:\/\/www.movistar.es\/blog\/movistar-plus\/living-app-mwc\/#breadcrumb\",\"itemListElement\":[{\"@type\":\"ListItem\",\"position\":1,\"name\":\"Home\",\"item\":\"https:\/\/www.movistar.es\/blog\/\"},{\"@type\":\"ListItem\",\"position\":2,\"name\":\"C\u00f3mo revivir el Mobile World Congress 2025 de Barcelona desde tu TV con la Living App MWC25 de Movistar Plus+\"}]},{\"@type\":\"WebSite\",\"@id\":\"https:\/\/www.movistar.es\/blog\/#website\",\"url\":\"https:\/\/www.movistar.es\/blog\/\",\"name\":\"Movistar blog\",\"description\":\"Movistar Blog. Informaci\u00f3n y m\u00e1s sobre los productos y servicios de Movistar\",\"publisher\":{\"@id\":\"https:\/\/www.movistar.es\/blog\/#organization\"},\"potentialAction\":[{\"@type\":\"SearchAction\",\"target\":{\"@type\":\"EntryPoint\",\"urlTemplate\":\"https:\/\/www.movistar.es\/blog\/?s={search_term_string}\"},\"query-input\":{\"@type\":\"PropertyValueSpecification\",\"valueRequired\":true,\"valueName\":\"search_term_string\"}}],\"inLanguage\":\"es\"},{\"@type\":\"Organization\",\"@id\":\"https:\/\/www.movistar.es\/blog\/#organization\",\"name\":\"Movistar blog\",\"url\":\"https:\/\/www.movistar.es\/blog\/\",\"logo\":{\"@type\":\"ImageObject\",\"inLanguage\":\"es\",\"@id\":\"https:\/\/www.movistar.es\/blog\/#\/schema\/logo\/image\/\",\"url\":\"https:\/\/www.movistar.es\/blog\/wp-content\/uploads\/sites\/3\/2022\/05\/logo_movistar-1.svg\",\"contentUrl\":\"https:\/\/www.movistar.es\/blog\/wp-content\/uploads\/sites\/3\/2022\/05\/logo_movistar-1.svg\",\"width\":369,\"height\":272,\"caption\":\"Movistar blog\"},\"image\":{\"@id\":\"https:\/\/www.movistar.es\/blog\/#\/schema\/logo\/image\/\"}},{\"@type\":\"Person\",\"@id\":\"https:\/\/www.movistar.es\/blog\/#\/schema\/person\/017db1b90e8802ac5dfd3618d922a394\",\"name\":\"Equipo Digital Home de Telef\u00f3nica\",\"image\":{\"@type\":\"ImageObject\",\"inLanguage\":\"es\",\"@id\":\"https:\/\/www.movistar.es\/blog\/#\/schema\/person\/image\/e6431db462646a778ad8d8ec435ad57e\",\"url\":\"https:\/\/secure.gravatar.com\/avatar\/bd5d081bad86885415e3c00f9694e72a561b53c12628d54d9a8b054807e947a7\",\"contentUrl\":\"https:\/\/secure.gravatar.com\/avatar\/bd5d081bad86885415e3c00f9694e72a561b53c12628d54d9a8b054807e947a7\",\"caption\":\"Equipo Digital Home de Telef\u00f3nica\"},\"description\":\"En el equipo de Hogar Digital de Telef\u00f3nica somos expertos en conectividad, tecnolog\u00eda e innovaci\u00f3n. Dise\u00f1amos productos y dispositivos inteligentes pensados para el hogar. En este blog te contamos las caracter\u00edsticas y como sacar partido a tu hogar conectado. Desde un asistente de voz (AURA) hasta living apps para disfrutar en Movistar Plus+.\",\"sameAs\":[\"https:\/\/www.telefonica.com\/es\/\",\"telefonica\",\"https:\/\/www.instagram.com\/telefonica\",\"https:\/\/www.linkedin.com\/company\/telefonica\",\"https:\/\/x.com\/telefonica\",\"https:\/\/www.youtube.com\/channel\/UC7LZo_P6m0W7SDDA8h3CLvg\",\"https:\/\/es.wikipedia.org\/wiki\/Telefnica\"],\"knowsAbout\":[\"innovaci\u00f3n\",\"tecnolog\u00eda\",\"hogar digital\",\"hogar inteligente\"],\"worksFor\":\"Telef\u00f3nica\",\"url\":\"https:\/\/www.movistar.es\/blog\/author\/digitalhome\/\"}]}<\/script>\n<!-- \/ Yoast SEO Premium plugin. -->","yoast_head_json":{"title":"Sigue online el Mobile World Congress 2025 desde donde est\u00e9s","description":"Disfruta de las charlas de Telef\u00f3nica en el MWC 2025 de manera online desde la Living App MWC25 de Movistar Plus+ o en nuestro Stand Virtual en Spatial.","robots":{"index":"index","follow":"follow","max-snippet":"max-snippet:-1","max-image-preview":"max-image-preview:large","max-video-preview":"max-video-preview:-1"},"canonical":"https:\/\/www.movistar.es\/blog\/movistar-plus\/living-app-mwc\/","og_locale":"es_ES","og_type":"article","og_title":"C\u00f3mo revivir el Mobile World Congress 2025 de Barcelona desde tu TV con la Living App MWC25 de Movistar Plus+","og_description":"Disfruta de las charlas de Telef\u00f3nica en el MWC 2025 de manera online desde la Living App MWC25 de Movistar Plus+ o en nuestro Stand Virtual en Spatial.","og_url":"https:\/\/www.movistar.es\/blog\/movistar-plus\/living-app-mwc\/","og_site_name":"Movistar blog","article_author":"telefonica","article_published_time":"2023-02-24T13:55:55+00:00","article_modified_time":"2025-03-10T18:05:32+00:00","og_image":[{"width":1040,"height":400,"url":"https:\/\/www.movistar.es\/blog\/wp-content\/uploads\/sites\/3\/2023\/02\/blog-movistar-spatial-y-living-app-mwc25-cabecera-1.jpg","type":"image\/jpeg"}],"author":"Equipo Digital Home de Telef\u00f3nica","twitter_card":"summary_large_image","twitter_creator":"@telefonica","twitter_misc":{"Written by":"Equipo Digital Home de Telef\u00f3nica","Est. reading time":"4 minutos"},"schema":{"@context":"https:\/\/schema.org","@graph":[{"@type":"Article","@id":"https:\/\/www.movistar.es\/blog\/movistar-plus\/living-app-mwc\/#article","isPartOf":{"@id":"https:\/\/www.movistar.es\/blog\/movistar-plus\/living-app-mwc\/"},"author":{"name":"Equipo Digital Home de Telef\u00f3nica","@id":"https:\/\/www.movistar.es\/blog\/#\/schema\/person\/017db1b90e8802ac5dfd3618d922a394"},"headline":"C\u00f3mo revivir el Mobile World Congress 2025 de Barcelona desde tu TV con la Living App MWC25 de Movistar Plus+","datePublished":"2023-02-24T13:55:55+00:00","dateModified":"2025-03-10T18:05:32+00:00","mainEntityOfPage":{"@id":"https:\/\/www.movistar.es\/blog\/movistar-plus\/living-app-mwc\/"},"wordCount":653,"publisher":{"@id":"https:\/\/www.movistar.es\/blog\/#organization"},"image":{"@id":"https:\/\/www.movistar.es\/blog\/movistar-plus\/living-app-mwc\/#primaryimage"},"thumbnailUrl":"https:\/\/www.movistar.es\/blog\/wp-content\/uploads\/sites\/3\/2023\/02\/blog-movistar-spatial-y-living-app-mwc25-cabecera-1.jpg","inLanguage":"es"},{"@type":"WebPage","@id":"https:\/\/www.movistar.es\/blog\/movistar-plus\/living-app-mwc\/","url":"https:\/\/www.movistar.es\/blog\/movistar-plus\/living-app-mwc\/","name":"Sigue online el Mobile World Congress 2025 desde donde est\u00e9s","isPartOf":{"@id":"https:\/\/www.movistar.es\/blog\/#website"},"primaryImageOfPage":{"@id":"https:\/\/www.movistar.es\/blog\/movistar-plus\/living-app-mwc\/#primaryimage"},"image":{"@id":"https:\/\/www.movistar.es\/blog\/movistar-plus\/living-app-mwc\/#primaryimage"},"thumbnailUrl":"https:\/\/www.movistar.es\/blog\/wp-content\/uploads\/sites\/3\/2023\/02\/blog-movistar-spatial-y-living-app-mwc25-cabecera-1.jpg","datePublished":"2023-02-24T13:55:55+00:00","dateModified":"2025-03-10T18:05:32+00:00","description":"Disfruta de las charlas de Telef\u00f3nica en el MWC 2025 de manera online desde la Living App MWC25 de Movistar Plus+ o en nuestro Stand Virtual en Spatial.","breadcrumb":{"@id":"https:\/\/www.movistar.es\/blog\/movistar-plus\/living-app-mwc\/#breadcrumb"},"inLanguage":"es","potentialAction":[{"@type":"ReadAction","target":["https:\/\/www.movistar.es\/blog\/movistar-plus\/living-app-mwc\/"]}]},{"@type":"ImageObject","inLanguage":"es","@id":"https:\/\/www.movistar.es\/blog\/movistar-plus\/living-app-mwc\/#primaryimage","url":"https:\/\/www.movistar.es\/blog\/wp-content\/uploads\/sites\/3\/2023\/02\/blog-movistar-spatial-y-living-app-mwc25-cabecera-1.jpg","contentUrl":"https:\/\/www.movistar.es\/blog\/wp-content\/uploads\/sites\/3\/2023\/02\/blog-movistar-spatial-y-living-app-mwc25-cabecera-1.jpg","width":1040,"height":400,"caption":"Hombre viendo la tele desde su sal\u00f3n"},{"@type":"BreadcrumbList","@id":"https:\/\/www.movistar.es\/blog\/movistar-plus\/living-app-mwc\/#breadcrumb","itemListElement":[{"@type":"ListItem","position":1,"name":"Home","item":"https:\/\/www.movistar.es\/blog\/"},{"@type":"ListItem","position":2,"name":"C\u00f3mo revivir el Mobile World Congress 2025 de Barcelona desde tu TV con la Living App MWC25 de Movistar Plus+"}]},{"@type":"WebSite","@id":"https:\/\/www.movistar.es\/blog\/#website","url":"https:\/\/www.movistar.es\/blog\/","name":"Movistar blog","description":"Movistar Blog. Informaci\u00f3n y m\u00e1s sobre los productos y servicios de Movistar","publisher":{"@id":"https:\/\/www.movistar.es\/blog\/#organization"},"potentialAction":[{"@type":"SearchAction","target":{"@type":"EntryPoint","urlTemplate":"https:\/\/www.movistar.es\/blog\/?s={search_term_string}"},"query-input":{"@type":"PropertyValueSpecification","valueRequired":true,"valueName":"search_term_string"}}],"inLanguage":"es"},{"@type":"Organization","@id":"https:\/\/www.movistar.es\/blog\/#organization","name":"Movistar blog","url":"https:\/\/www.movistar.es\/blog\/","logo":{"@type":"ImageObject","inLanguage":"es","@id":"https:\/\/www.movistar.es\/blog\/#\/schema\/logo\/image\/","url":"https:\/\/www.movistar.es\/blog\/wp-content\/uploads\/sites\/3\/2022\/05\/logo_movistar-1.svg","contentUrl":"https:\/\/www.movistar.es\/blog\/wp-content\/uploads\/sites\/3\/2022\/05\/logo_movistar-1.svg","width":369,"height":272,"caption":"Movistar blog"},"image":{"@id":"https:\/\/www.movistar.es\/blog\/#\/schema\/logo\/image\/"}},{"@type":"Person","@id":"https:\/\/www.movistar.es\/blog\/#\/schema\/person\/017db1b90e8802ac5dfd3618d922a394","name":"Equipo Digital Home de Telef\u00f3nica","image":{"@type":"ImageObject","inLanguage":"es","@id":"https:\/\/www.movistar.es\/blog\/#\/schema\/person\/image\/e6431db462646a778ad8d8ec435ad57e","url":"https:\/\/secure.gravatar.com\/avatar\/bd5d081bad86885415e3c00f9694e72a561b53c12628d54d9a8b054807e947a7","contentUrl":"https:\/\/secure.gravatar.com\/avatar\/bd5d081bad86885415e3c00f9694e72a561b53c12628d54d9a8b054807e947a7","caption":"Equipo Digital Home de Telef\u00f3nica"},"description":"En el equipo de Hogar Digital de Telef\u00f3nica somos expertos en conectividad, tecnolog\u00eda e innovaci\u00f3n. Dise\u00f1amos productos y dispositivos inteligentes pensados para el hogar. En este blog te contamos las caracter\u00edsticas y como sacar partido a tu hogar conectado. Desde un asistente de voz (AURA) hasta living apps para disfrutar en Movistar Plus+.","sameAs":["https:\/\/www.telefonica.com\/es\/","telefonica","https:\/\/www.instagram.com\/telefonica","https:\/\/www.linkedin.com\/company\/telefonica","https:\/\/x.com\/telefonica","https:\/\/www.youtube.com\/channel\/UC7LZo_P6m0W7SDDA8h3CLvg","https:\/\/es.wikipedia.org\/wiki\/Telefnica"],"knowsAbout":["innovaci\u00f3n","tecnolog\u00eda","hogar digital","hogar inteligente"],"worksFor":"Telef\u00f3nica","url":"https:\/\/www.movistar.es\/blog\/author\/digitalhome\/"}]}},"jetpack_featured_media_url":"https:\/\/www.movistar.es\/blog\/wp-content\/uploads\/sites\/3\/2023\/02\/blog-movistar-spatial-y-living-app-mwc25-cabecera-1.jpg","jetpack_sharing_enabled":true,"_links":{"self":[{"href":"https:\/\/www.movistar.es\/blog\/wp-json\/wp\/v2\/posts\/11598","targetHints":{"allow":["GET"]}}],"collection":[{"href":"https:\/\/www.movistar.es\/blog\/wp-json\/wp\/v2\/posts"}],"about":[{"href":"https:\/\/www.movistar.es\/blog\/wp-json\/wp\/v2\/types\/post"}],"author":[{"embeddable":true,"href":"https:\/\/www.movistar.es\/blog\/wp-json\/wp\/v2\/users\/141"}],"replies":[{"embeddable":true,"href":"https:\/\/www.movistar.es\/blog\/wp-json\/wp\/v2\/comments?post=11598"}],"version-history":[{"count":25,"href":"https:\/\/www.movistar.es\/blog\/wp-json\/wp\/v2\/posts\/11598\/revisions"}],"predecessor-version":[{"id":26638,"href":"https:\/\/www.movistar.es\/blog\/wp-json\/wp\/v2\/posts\/11598\/revisions\/26638"}],"wp:featuredmedia":[{"embeddable":true,"href":"https:\/\/www.movistar.es\/blog\/wp-json\/wp\/v2\/media\/26626"}],"wp:attachment":[{"href":"https:\/\/www.movistar.es\/blog\/wp-json\/wp\/v2\/media?parent=11598"}],"wp:term":[{"taxonomy":"category","embeddable":true,"href":"https:\/\/www.movistar.es\/blog\/wp-json\/wp\/v2\/categories?post=11598"},{"taxonomy":"post_tag","embeddable":true,"href":"https:\/\/www.movistar.es\/blog\/wp-json\/wp\/v2\/tags?post=11598"},{"taxonomy":"area","embeddable":true,"href":"https:\/\/www.movistar.es\/blog\/wp-json\/wp\/v2\/area?post=11598"},{"taxonomy":"cluster","embeddable":true,"href":"https:\/\/www.movistar.es\/blog\/wp-json\/wp\/v2\/cluster?post=11598"},{"taxonomy":"linea_editorial","embeddable":true,"href":"https:\/\/www.movistar.es\/blog\/wp-json\/wp\/v2\/linea_editorial?post=11598"},{"taxonomy":"author","embeddable":true,"href":"https:\/\/www.movistar.es\/blog\/wp-json\/wp\/v2\/coauthors?post=11598"}],"curies":[{"name":"wp","href":"https:\/\/api.w.org\/{rel}","templated":true}]}}