{"id":11282,"date":"2023-02-14T09:53:00","date_gmt":"2023-02-14T08:53:00","guid":{"rendered":"https:\/\/www.movistar.es\/blog\/?p=11282"},"modified":"2023-02-14T09:53:30","modified_gmt":"2023-02-14T08:53:30","slug":"que-son-los-derechos-digitales","status":"publish","type":"post","link":"https:\/\/www.movistar.es\/blog\/mi-movistar\/que-son-los-derechos-digitales\/","title":{"rendered":"Qu\u00e9 son los derechos digitales"},"content":{"rendered":"\n<p>Los <strong>derechos digitales<\/strong> son los derechos civiles reconocidos y protegidos por los Estados. Son ejercidos por el ciudadano cuando accede a las redes de comunicaciones, disfruta de sus servicios y utiliza alguna de sus infinitas aplicaciones.&nbsp; <\/p>\n\n\n\n<p>Desde el punto de vista conceptual no hay diferencia entre los derechos en el mundo f\u00edsico y los derechos en el mundo virtual. Pero existe mucha diferencia en los instrumentos jur\u00eddicos que se necesitan para garantizar cumplimiento. Se debe a la naturaleza virtual y cambiante del entorno sociot\u00e9cnico que crean los avances en las tecnolog\u00edas digitales y al car\u00e1cter intr\u00ednsecamente global de Internet en el que conviven ciudadanos de pa\u00edses con tradiciones culturales y sistemas pol\u00edticos que reconocen <strong>distintos derechos<\/strong>.<\/p>\n\n\n\n<p>Por otro lado, la vida digital del ciudadano est\u00e1 cada d\u00eda m\u00e1s en manos de las empresas que proporcionan las redes y servicios de comunicaci\u00f3n. Tambi\u00e9n de las empresas globales que proporcionan los servicios digitales m\u00e1s demandados. Estas empresas tienen <strong>la obligaci\u00f3n de respetar nuestros derechos digitales<\/strong>, aunque, en ocasiones, entren en conflicto con sus objetivos.<\/p>\n\n\n\n<h3 class=\"wp-block-heading\" id=\"h-los-derechos-digitales-en-espana\">Los derechos digitales en Espa\u00f1a<\/h3>\n\n\n\n<p>Espa\u00f1a ha sido pionera en la regulaci\u00f3n de los derechos digitales de sus ciudadanos al incorporarlos en la <strong>Ley Org\u00e1nica 3\/2018<\/strong>, vigente el 7 de diciembre del a\u00f1o 2018 que regula la Protecci\u00f3n de Datos y Garant\u00eda de los Derechos Digitales. En ella, se regula el derecho de&nbsp; acceso universal una Internet abierta,&nbsp;el derecho a la seguridad en Internet y el derecho a la intimidad tanto en el \u00e1mbito privado como laboral. <\/p>\n\n\n\n<p>Por otro lado, Espa\u00f1a ha sido uno de los primeros pa\u00edses que ha adoptado una <strong>Carta de Derechos Digitales<\/strong>. En ella se catalogan los derechos digitales y se establecen los principios que deben guiar los futuros proyectos normativos. Tambi\u00e9n el desarrollo de las pol\u00edticas p\u00fablicas para garantizar la protecci\u00f3n de los derechos individuales y colectivos en los nuevos escenarios digitales.<\/p>\n\n\n\n<figure class=\"wp-block-image size-large\"><img loading=\"lazy\" decoding=\"async\" height=\"576\" width=\"1024\" src=\"https:\/\/www.movistar.es\/blog\/wp-content\/uploads\/sites\/3\/2023\/02\/Depositphotos_416364604_L.jpg?w=1024\" alt=\"derechos digitales\" class=\"wp-image-11324\" srcset=\"https:\/\/www.movistar.es\/blog\/wp-content\/uploads\/sites\/3\/2023\/02\/Depositphotos_416364604_L.jpg 1999w, https:\/\/www.movistar.es\/blog\/wp-content\/uploads\/sites\/3\/2023\/02\/Depositphotos_416364604_L.jpg?resize=300,169 300w, https:\/\/www.movistar.es\/blog\/wp-content\/uploads\/sites\/3\/2023\/02\/Depositphotos_416364604_L.jpg?resize=768,432 768w, https:\/\/www.movistar.es\/blog\/wp-content\/uploads\/sites\/3\/2023\/02\/Depositphotos_416364604_L.jpg?resize=1024,576 1024w, https:\/\/www.movistar.es\/blog\/wp-content\/uploads\/sites\/3\/2023\/02\/Depositphotos_416364604_L.jpg?resize=1536,864 1536w\" sizes=\"auto, (max-width: 1024px) 100vw, 1024px\" \/><figcaption><em>Foto de <a href=\"https:\/\/sp.depositphotos.com\/portfolio-1388768.html\" target=\"_blank\" rel=\"noreferrer noopener\">Putilich<\/a><\/em><\/figcaption><\/figure>\n\n\n\n<h2 class=\"wp-block-heading\" class=\"wp-block-heading\" id=\"por-que-son-importantes-los-derechos-digitales\">\u00bfPor qu\u00e9 son importantes los derechos digitales?<\/h2>\n\n\n\n<p>Definir bien los derechos digitales es muy importante pues permite a los poderes p\u00fablicos -legislativo, ejecutivo y judicial- regular el ecosistema digital. De esta forma, se establecen los l\u00edmites a la actuaci\u00f3n de individuos y empresas, y<strong> sancionar su incumplimiento.<\/strong> Adem\u00e1s, su formulaci\u00f3n sirve de gu\u00eda al comportamiento de las empresas en las zonas no reguladas que aparecen continuamente por la emergencia de nuevos productos y servicios digitales.<\/p>\n\n\n\n<p>Todos los derechos y libertades reconocidos en la <strong><a href=\"https:\/\/www.un.org\/es\/about-us\/universal-declaration-of-human-rights\" target=\"_blank\" rel=\"noreferrer noopener\">Declaraci\u00f3n Universal de Derechos Humanos<\/a>, la Constituci\u00f3n Espa\u00f1ola, el Convenio Europeo de Derechos Humanos, la Carta de los Derechos Fundamentales de la Uni\u00f3n Europea<\/strong>, y los tratados y acuerdos internacionales sobre las mismas materias ratificados por Espa\u00f1a son aplicables en los entornos digitales. Pero son el derecho a la privacidad y el derecho a la libertad de expresi\u00f3n los que est\u00e1n m\u00e1s comprometidos en el mundo digital.<\/p>\n\n\n\n<p>Los ciudadanos proporcionamos ingentes cantidades de datos sobre nuestra identidad, pautas de consumo, vida laboral y nuestra participaci\u00f3n social. Estos datos son almacenados y procesados en <a href=\"https:\/\/www.movistar.es\/particulares\/tienda\/servicios-digitales\/cloud\/?pid=blogmovistar_cloud_11282\" target=\"_blank\" rel=\"noreferrer noopener\">\u201cnubes\u201d<\/a> mediante sofisticados algoritmos estad\u00edsticos como <strong><em><a href=\"https:\/\/es.wikipedia.org\/wiki\/Macrodatos\" target=\"_blank\" rel=\"noreferrer noopener\">big data<\/a>, machine learning<\/em>, Inteligencia Artificial<\/strong>, etc\u00e9tera. <\/p>\n\n\n\n<p>El objetivo es proporcionarnos productos y servicios personalizados de gran valor para todas las facetas de nuestra vida. Esto no ser\u00eda posible si el ciudadano no confiase en la seguridad y el buen uso de los datos facilitados a las <em>Big Tech<\/em> y a los Operadores de Telecomunicaciones. <\/p>\n\n\n\n<p>Todos los a\u00f1os una entidad independiente, con sede en EE.UU, publica el <strong><em>Ranking Digital Rights (RDR<\/em>)<\/strong>. En \u00e9l, se eval\u00faan las pol\u00edticas y pr\u00e1cticas de las 14 empresas de tecnolog\u00eda &#8211;<em><a href=\"https:\/\/es.wikipedia.org\/wiki\/Gigantes_tecnol%C3%B3gicos\" target=\"_blank\" rel=\"noreferrer noopener\">Big Tech<\/a><\/em>&#8211; y las 12 empresas de telecomunicaciones m\u00e1s poderosas del mundo. Para establecer este ranking, analiza el compromiso, la gesti\u00f3n y la transparencia en materia de gobernanza, privacidad y libertad de expresi\u00f3n de sus usuarios. <\/p>\n\n\n\n<p>Los resultados muestran que, aunque a\u00f1o a a\u00f1o se producen mejoras, el margen que queda todav\u00eda para la mejora es muy importante. Adem\u00e1s, se observan grandes diferencias entre las empresas.<\/p>\n\n\n\n<figure class=\"wp-block-image size-large\"><img loading=\"lazy\" decoding=\"async\" height=\"648\" width=\"1024\" src=\"https:\/\/www.movistar.es\/blog\/wp-content\/uploads\/sites\/3\/2023\/02\/Depositphotos_550519642_L.jpg?w=1024\" alt=\"derechos digitales\" class=\"wp-image-11326\" srcset=\"https:\/\/www.movistar.es\/blog\/wp-content\/uploads\/sites\/3\/2023\/02\/Depositphotos_550519642_L.jpg 2000w, https:\/\/www.movistar.es\/blog\/wp-content\/uploads\/sites\/3\/2023\/02\/Depositphotos_550519642_L.jpg?resize=300,190 300w, https:\/\/www.movistar.es\/blog\/wp-content\/uploads\/sites\/3\/2023\/02\/Depositphotos_550519642_L.jpg?resize=768,486 768w, https:\/\/www.movistar.es\/blog\/wp-content\/uploads\/sites\/3\/2023\/02\/Depositphotos_550519642_L.jpg?resize=1024,648 1024w, https:\/\/www.movistar.es\/blog\/wp-content\/uploads\/sites\/3\/2023\/02\/Depositphotos_550519642_L.jpg?resize=1536,972 1536w\" sizes=\"auto, (max-width: 1024px) 100vw, 1024px\" \/><figcaption><em>Foto de <a href=\"https:\/\/sp.depositphotos.com\/portfolio-57404040.html\" target=\"_blank\" rel=\"noreferrer noopener\">ArtemisDiana<\/a><\/em><\/figcaption><\/figure>\n\n\n\n<h3 class=\"wp-block-heading\" id=\"h-telefonica-y-los-derechos-digitales\">Telef\u00f3nica y los derechos digitales<\/h3>\n\n\n\n<p>En este sentido, <strong>tenemos que enorgullecernos de que Telef\u00f3nica lidere, por tercer a\u00f1o consecutivo, el <\/strong><a href=\"https:\/\/www.telefonica.com\/es\/sala-comunicacion\/telefonica-revalida-su-liderazgo-en-el-ranking-digital-rights-2022\/\" target=\"_blank\" rel=\"noreferrer noopener\"><strong>Ranking Digital Rights (RDR)<\/strong> <\/a>del sector de telecomunicaciones. El RDR resalta que \u201cla empresa tiene pol\u00edticas claras y robustas en cuanto a la recopilaci\u00f3n y el uso de datos\u201d. En este sentido cabe destacar el valor a\u00f1adido de la informaci\u00f3n de los \u201cCentros de Transparencia para los clientes y otros grupos de inter\u00e9s\u201d de Telef\u00f3nica. <\/p>\n\n\n\n<p>En el apartado de<strong> Libertad de Expresi\u00f3n<\/strong>, el ranking destaca la pol\u00edtica y las pr\u00e1cticas de debida diligencia de Telef\u00f3nica en esta tem\u00e1tica en general y su compromiso p\u00fablico con la neutralidad de red en particular. Felicitaciones, adem\u00e1s, a <strong>Jos\u00e9 Mar\u00eda \u00c1lvarez-Pallete<\/strong> que desde que asumi\u00f3 la presidencia de Telef\u00f3nica en 2016 ha sido un fuerte defensor de los derechos digitales.<\/p>\n\n\n\n<h2 class=\"wp-block-heading\" class=\"wp-block-heading\" id=\"los-derechos-digitales-en-nuestra-vida-cotidiana\">Los derechos digitales en nuestra vida cotidiana<\/h2>\n\n\n\n<p>Nuestra vida cotidiana transcurre en Internet. Pasamos varias horas al d\u00eda \u201cpasando pantallas\u201d en <a href=\"https:\/\/www.movistar.es\/particulares\/mimovistar\/?pid=blogmovistar_mimovistar_11282\" target=\"_blank\" rel=\"noreferrer noopener\">el m\u00f3vil, el ordenador<\/a>, y dentro de poco en sets de realidad virtual. Con cada toque en la pantalla damos datos a las empresas digitales, que a trav\u00e9s de algoritmos los procesan y sintetizan para mostrarnos publicidad personalizada. Las c\u00e1maras situadas en los espacios p\u00fablicos y privados pueden recoger nuestra presencia e<strong> informar sobre qu\u00e9 estamos haciendo<\/strong>.<\/p>\n\n\n\n<p>Afortunadamente, los gobiernos, a trav\u00e9s de regulaciones que implementan los derechos digitales, restringen que pueden hacer las empresas con los datos que recopilan. Un claro ejemplo en el caso de la privacidad es la compartici\u00f3n de la ubicaci\u00f3n de las personas. Al activar aplicaciones como <strong>Google Maps<\/strong> e, incluso, el tiempo, compartimos nuestra ubicaci\u00f3n con las empresas que est\u00e1n detr\u00e1s. Reglamentos como el reglamento general de protecci\u00f3n de datos se aseguran de que se mantenga la privacidad de los ciudadanos y que los datos recogidos se anonimicen de manera adecuada. <\/p>\n\n\n\n<p>Otro ejemplo ser\u00eda en el uso de<strong> redes sociales<\/strong>. Hemos visto casos en los que, cuando un usuario publica un post atentando contra alguno de los derechos como la dignidad o la protecci\u00f3n de menores, la empresa lo elimina. Sin embargo, en este \u00faltimo caso hemos visto que a menudo colisionan el derecho de libertad de expresi\u00f3n con otros derechos fundamentales. Por ello, es importante que los gobiernos clarifiquen el alcance de cada uno de los derechos.<\/p>\n\n\n\n<h2 class=\"wp-block-heading\" id=\"h-el-futuro-de-los-derechos-digitales\">El futuro de los derechos digitales<\/h2>\n\n\n\n<p>\u00a0El 15 de diciembre de 2022, la Uni\u00f3n Europea adopt\u00f3 la<strong> Declaraci\u00f3n Europea sobre los Derechos y Principios Digitales<\/strong> que convierten a Europa en el lugar del mundo en el que m\u00e1s se ha avanzado en explicitar los derechos digitales y comprometerse a defenderlos. En muchos de los derechos que se enuncian, queda lo m\u00e1s dif\u00edcil, desarrollar la normativa concreta y conseguir que la implanten todos los agentes que participan en Internet de manera que la vida digital del ciudadano est\u00e9 protegida.\u00a0<\/p>\n\n\n\n<p><em>Imagen destacada por <a href=\"https:\/\/sp.depositphotos.com\/portfolio-4431055.html\" target=\"_blank\" rel=\"noreferrer noopener\">BillionDigital<\/a><\/em><\/p>\n","protected":false},"excerpt":{"rendered":"<p>Los derechos digitales son los derechos civiles reconocidos y protegidos por los Estados. Son ejercidos por el ciudadano cuando accede a las redes de comunicaciones, disfruta de sus servicios y utiliza alguna de sus infinitas [&hellip;]<\/p>\n","protected":false},"author":153,"featured_media":11320,"comment_status":"closed","ping_status":"closed","sticky":false,"template":"","format":"standard","meta":{"site-sidebar-layout":"default","site-content-layout":"","ast-site-content-layout":"","site-content-style":"default","site-sidebar-style":"default","ast-global-header-display":"","ast-banner-title-visibility":"","ast-main-header-display":"","ast-hfb-above-header-display":"","ast-hfb-below-header-display":"","ast-hfb-mobile-header-display":"","site-post-title":"","ast-breadcrumbs-content":"","ast-featured-img":"","footer-sml-layout":"","theme-transparent-header-meta":"","adv-header-id-meta":"","stick-header-meta":"","header-above-stick-meta":"","header-main-stick-meta":"","header-below-stick-meta":"","astra-migrate-meta-layouts":"default","ast-page-background-enabled":"default","ast-page-background-meta":{"desktop":{"background-color":"var(--ast-global-color-4)","background-image":"","background-repeat":"repeat","background-position":"center center","background-size":"auto","background-attachment":"scroll","background-type":"","background-media":"","overlay-type":"","overlay-color":"","overlay-opacity":"","overlay-gradient":""},"tablet":{"background-color":"","background-image":"","background-repeat":"repeat","background-position":"center center","background-size":"auto","background-attachment":"scroll","background-type":"","background-media":"","overlay-type":"","overlay-color":"","overlay-opacity":"","overlay-gradient":""},"mobile":{"background-color":"","background-image":"","background-repeat":"repeat","background-position":"center center","background-size":"auto","background-attachment":"scroll","background-type":"","background-media":"","overlay-type":"","overlay-color":"","overlay-opacity":"","overlay-gradient":""}},"ast-content-background-meta":{"desktop":{"background-color":"var(--ast-global-color-5)","background-image":"","background-repeat":"repeat","background-position":"center center","background-size":"auto","background-attachment":"scroll","background-type":"","background-media":"","overlay-type":"","overlay-color":"","overlay-opacity":"","overlay-gradient":""},"tablet":{"background-color":"var(--ast-global-color-5)","background-image":"","background-repeat":"repeat","background-position":"center center","background-size":"auto","background-attachment":"scroll","background-type":"","background-media":"","overlay-type":"","overlay-color":"","overlay-opacity":"","overlay-gradient":""},"mobile":{"background-color":"var(--ast-global-color-5)","background-image":"","background-repeat":"repeat","background-position":"center center","background-size":"auto","background-attachment":"scroll","background-type":"","background-media":"","overlay-type":"","overlay-color":"","overlay-opacity":"","overlay-gradient":""}},"_jetpack_memberships_contains_paid_content":false,"footnotes":""},"categories":[1],"tags":[],"area":[427],"cluster":[345],"linea_editorial":[],"coauthors":[543],"class_list":["post-11282","post","type-post","status-publish","format-standard","has-post-thumbnail","hentry","category-sin-categoria","area-gametv","cluster-mi-movistar"],"yoast_head":"<!-- This site is optimized with the Yoast SEO Premium plugin v25.5 (Yoast SEO v25.5) - https:\/\/yoast.com\/wordpress\/plugins\/seo\/ -->\n<title>Qu\u00e9 son los derechos digitales<\/title>\n<meta name=\"description\" content=\"Hablamos en profundidad sobre qu\u00e9 son los derechos, c\u00f3mo nos afectan en nuestra vida cotidiana y cu\u00e1l es su futuro.\" \/>\n<meta name=\"robots\" content=\"index, follow, max-snippet:-1, max-image-preview:large, max-video-preview:-1\" \/>\n<link rel=\"canonical\" href=\"https:\/\/www.movistar.es\/blog\/mi-movistar\/que-son-los-derechos-digitales\/\" \/>\n<meta property=\"og:locale\" content=\"es_ES\" \/>\n<meta property=\"og:type\" content=\"article\" \/>\n<meta property=\"og:title\" content=\"Qu\u00e9 son los derechos digitales\" \/>\n<meta property=\"og:description\" content=\"Hablamos en profundidad sobre qu\u00e9 son los derechos, c\u00f3mo nos afectan en nuestra vida cotidiana y cu\u00e1l es su futuro.\" \/>\n<meta property=\"og:url\" content=\"https:\/\/www.movistar.es\/blog\/mi-movistar\/que-son-los-derechos-digitales\/\" \/>\n<meta property=\"og:site_name\" content=\"Movistar blog\" \/>\n<meta property=\"article:published_time\" content=\"2023-02-14T08:53:00+00:00\" \/>\n<meta property=\"article:modified_time\" content=\"2023-02-14T08:53:30+00:00\" \/>\n<meta property=\"og:image\" content=\"https:\/\/www.movistar.es\/blog\/wp-content\/uploads\/sites\/3\/2000\/08\/Depositphotos_234585380_L.jpg\" \/>\n\t<meta property=\"og:image:width\" content=\"2000\" \/>\n\t<meta property=\"og:image:height\" content=\"1333\" \/>\n\t<meta property=\"og:image:type\" content=\"image\/jpeg\" \/>\n<meta name=\"author\" content=\"Jorge P\u00e9rez Mart\u00ednez\" \/>\n<meta name=\"twitter:card\" content=\"summary_large_image\" \/>\n<meta name=\"twitter:label1\" content=\"Written by\" \/>\n\t<meta name=\"twitter:data1\" content=\"Jorge P\u00e9rez Mart\u00ednez\" \/>\n\t<meta name=\"twitter:label2\" content=\"Est. reading time\" \/>\n\t<meta name=\"twitter:data2\" content=\"6 minutos\" \/>\n<script type=\"application\/ld+json\" class=\"yoast-schema-graph\">{\"@context\":\"https:\/\/schema.org\",\"@graph\":[{\"@type\":\"Article\",\"@id\":\"https:\/\/www.movistar.es\/blog\/mi-movistar\/que-son-los-derechos-digitales\/#article\",\"isPartOf\":{\"@id\":\"https:\/\/www.movistar.es\/blog\/mi-movistar\/que-son-los-derechos-digitales\/\"},\"author\":{\"name\":\"Jorge P\u00e9rez Mart\u00ednez\",\"@id\":\"https:\/\/www.movistar.es\/blog\/#\/schema\/person\/4c39e9237833c5d54fda82b677a9004b\"},\"headline\":\"Qu\u00e9 son los derechos digitales\",\"datePublished\":\"2023-02-14T08:53:00+00:00\",\"dateModified\":\"2023-02-14T08:53:30+00:00\",\"mainEntityOfPage\":{\"@id\":\"https:\/\/www.movistar.es\/blog\/mi-movistar\/que-son-los-derechos-digitales\/\"},\"wordCount\":1220,\"publisher\":{\"@id\":\"https:\/\/www.movistar.es\/blog\/#organization\"},\"image\":{\"@id\":\"https:\/\/www.movistar.es\/blog\/mi-movistar\/que-son-los-derechos-digitales\/#primaryimage\"},\"thumbnailUrl\":\"https:\/\/www.movistar.es\/blog\/wp-content\/uploads\/sites\/3\/2000\/08\/Depositphotos_234585380_L.jpg\",\"inLanguage\":\"es\"},{\"@type\":\"WebPage\",\"@id\":\"https:\/\/www.movistar.es\/blog\/mi-movistar\/que-son-los-derechos-digitales\/\",\"url\":\"https:\/\/www.movistar.es\/blog\/mi-movistar\/que-son-los-derechos-digitales\/\",\"name\":\"Qu\u00e9 son los derechos digitales\",\"isPartOf\":{\"@id\":\"https:\/\/www.movistar.es\/blog\/#website\"},\"primaryImageOfPage\":{\"@id\":\"https:\/\/www.movistar.es\/blog\/mi-movistar\/que-son-los-derechos-digitales\/#primaryimage\"},\"image\":{\"@id\":\"https:\/\/www.movistar.es\/blog\/mi-movistar\/que-son-los-derechos-digitales\/#primaryimage\"},\"thumbnailUrl\":\"https:\/\/www.movistar.es\/blog\/wp-content\/uploads\/sites\/3\/2000\/08\/Depositphotos_234585380_L.jpg\",\"datePublished\":\"2023-02-14T08:53:00+00:00\",\"dateModified\":\"2023-02-14T08:53:30+00:00\",\"description\":\"Hablamos en profundidad sobre qu\u00e9 son los derechos, c\u00f3mo nos afectan en nuestra vida cotidiana y cu\u00e1l es su futuro.\",\"breadcrumb\":{\"@id\":\"https:\/\/www.movistar.es\/blog\/mi-movistar\/que-son-los-derechos-digitales\/#breadcrumb\"},\"inLanguage\":\"es\",\"potentialAction\":[{\"@type\":\"ReadAction\",\"target\":[\"https:\/\/www.movistar.es\/blog\/mi-movistar\/que-son-los-derechos-digitales\/\"]}]},{\"@type\":\"ImageObject\",\"inLanguage\":\"es\",\"@id\":\"https:\/\/www.movistar.es\/blog\/mi-movistar\/que-son-los-derechos-digitales\/#primaryimage\",\"url\":\"https:\/\/www.movistar.es\/blog\/wp-content\/uploads\/sites\/3\/2000\/08\/Depositphotos_234585380_L.jpg\",\"contentUrl\":\"https:\/\/www.movistar.es\/blog\/wp-content\/uploads\/sites\/3\/2000\/08\/Depositphotos_234585380_L.jpg\",\"width\":2000,\"height\":1333,\"caption\":\"derechos digitales\"},{\"@type\":\"BreadcrumbList\",\"@id\":\"https:\/\/www.movistar.es\/blog\/mi-movistar\/que-son-los-derechos-digitales\/#breadcrumb\",\"itemListElement\":[{\"@type\":\"ListItem\",\"position\":1,\"name\":\"Home\",\"item\":\"https:\/\/www.movistar.es\/blog\/\"},{\"@type\":\"ListItem\",\"position\":2,\"name\":\"Qu\u00e9 son los derechos digitales\"}]},{\"@type\":\"WebSite\",\"@id\":\"https:\/\/www.movistar.es\/blog\/#website\",\"url\":\"https:\/\/www.movistar.es\/blog\/\",\"name\":\"Movistar blog\",\"description\":\"Movistar Blog. Informaci\u00f3n y m\u00e1s sobre los productos y servicios de Movistar\",\"publisher\":{\"@id\":\"https:\/\/www.movistar.es\/blog\/#organization\"},\"potentialAction\":[{\"@type\":\"SearchAction\",\"target\":{\"@type\":\"EntryPoint\",\"urlTemplate\":\"https:\/\/www.movistar.es\/blog\/?s={search_term_string}\"},\"query-input\":{\"@type\":\"PropertyValueSpecification\",\"valueRequired\":true,\"valueName\":\"search_term_string\"}}],\"inLanguage\":\"es\"},{\"@type\":\"Organization\",\"@id\":\"https:\/\/www.movistar.es\/blog\/#organization\",\"name\":\"Movistar blog\",\"url\":\"https:\/\/www.movistar.es\/blog\/\",\"logo\":{\"@type\":\"ImageObject\",\"inLanguage\":\"es\",\"@id\":\"https:\/\/www.movistar.es\/blog\/#\/schema\/logo\/image\/\",\"url\":\"https:\/\/www.movistar.es\/blog\/wp-content\/uploads\/sites\/3\/2022\/05\/logo_movistar-1.svg\",\"contentUrl\":\"https:\/\/www.movistar.es\/blog\/wp-content\/uploads\/sites\/3\/2022\/05\/logo_movistar-1.svg\",\"width\":369,\"height\":272,\"caption\":\"Movistar blog\"},\"image\":{\"@id\":\"https:\/\/www.movistar.es\/blog\/#\/schema\/logo\/image\/\"}},{\"@type\":\"Person\",\"@id\":\"https:\/\/www.movistar.es\/blog\/#\/schema\/person\/4c39e9237833c5d54fda82b677a9004b\",\"name\":\"Jorge P\u00e9rez Mart\u00ednez\",\"image\":{\"@type\":\"ImageObject\",\"inLanguage\":\"es\",\"@id\":\"https:\/\/www.movistar.es\/blog\/#\/schema\/person\/image\/4bd2ced31a3169e248aa25cfc538265d\",\"url\":\"https:\/\/secure.gravatar.com\/avatar\/b20ac64d34a9ebd0cd4eb5e58f001a312b4300f622f71cad813cdafba1df3cbd\",\"contentUrl\":\"https:\/\/secure.gravatar.com\/avatar\/b20ac64d34a9ebd0cd4eb5e58f001a312b4300f622f71cad813cdafba1df3cbd\",\"caption\":\"Jorge P\u00e9rez Mart\u00ednez\"},\"description\":\"Jorge P\u00e9rez Mart\u00ednez es doctor Ingeniero de Telecomunicaci\u00f3n por la Universidad Polit\u00e9cnica de Madrid (UPM) y Licenciado en Ciencias Pol\u00edticas y Sociolog\u00eda por la Universidad Complutense de Madrid. Actualmente es miembro del Consejo Asesor de la Fundaci\u00f3n Di\u00e1logos para la Democracia y Patrono de Fundetel. Desde 1990 es Catedr\u00e1tico de la ETSI de Telecomunicaci\u00f3n de la UPM donde imparte docencia e investigaci\u00f3n en materias relacionadas con los aspectos socioecon\u00f3micos de las tecnolog\u00edas de la informaci\u00f3n y las comunicaciones, y su regulaci\u00f3n. Entre otros m\u00e9ritos ha sido Decano del Colegio Oficial de Ingenieros de Telecomunicaci\u00f3n, Director General para el desarrollo de la Sociedad de la Informaci\u00f3n en el Ministerio de Ciencia y Tecnolog\u00eda y Consejero de los Consejos de Administraci\u00f3n del CDTI y de la Entidad P\u00fablica Empresarial Red.es. Ha sido director de la C\u00e1tedra RED. ES de la UPM desde donde ha asesorado a la Secretar\u00eda de Estado de Telecomunicaciones y para el Desarrollo de la Sociedad de la Informaci\u00f3n y a la entidad empresarial Red.es del Ministerio de Industria, Turismo y Comercio. Adem\u00e1s, ha sido Patrono fundador y Vicepresidente de las Fundaciones DINTEL y ONG Solidarios Profesionales. En el sector privado, ha sido Presidente de la Consultora Symmachia, consejero de TTT e Infoglobal y asesor de IKUSI, CEPREDE y Cable AML. En la actualidad realiza sus funciones docentes e investigadoras en la Escuela T\u00e9cnica Superior de Ingenieros de Telecomunicaci\u00f3n de la Universidad Polit\u00e9cnica de Madrid en el \u00e1rea del An\u00e1lisis y Prospectiva del Sector y la Econom\u00eda Digital. Coordina el Foro de Gobernanza de Internet en Espa\u00f1a.\",\"sameAs\":[\"https:\/\/www.linkedin.com\/in\/jorgeeperezmartinez\/\"],\"knowsAbout\":[\"derechos digitales\",\"sociedad de la informaci\u00f3n\"],\"jobTitle\":\"Catedr\u00e1tico UPM,  Director Ejecutivo de FUNDETEL\",\"url\":\"https:\/\/www.movistar.es\/blog\/author\/jorgeperezmartinez\/\"}]}<\/script>\n<!-- \/ Yoast SEO Premium plugin. -->","yoast_head_json":{"title":"Qu\u00e9 son los derechos digitales","description":"Hablamos en profundidad sobre qu\u00e9 son los derechos, c\u00f3mo nos afectan en nuestra vida cotidiana y cu\u00e1l es su futuro.","robots":{"index":"index","follow":"follow","max-snippet":"max-snippet:-1","max-image-preview":"max-image-preview:large","max-video-preview":"max-video-preview:-1"},"canonical":"https:\/\/www.movistar.es\/blog\/mi-movistar\/que-son-los-derechos-digitales\/","og_locale":"es_ES","og_type":"article","og_title":"Qu\u00e9 son los derechos digitales","og_description":"Hablamos en profundidad sobre qu\u00e9 son los derechos, c\u00f3mo nos afectan en nuestra vida cotidiana y cu\u00e1l es su futuro.","og_url":"https:\/\/www.movistar.es\/blog\/mi-movistar\/que-son-los-derechos-digitales\/","og_site_name":"Movistar blog","article_published_time":"2023-02-14T08:53:00+00:00","article_modified_time":"2023-02-14T08:53:30+00:00","og_image":[{"width":2000,"height":1333,"url":"https:\/\/www.movistar.es\/blog\/wp-content\/uploads\/sites\/3\/2000\/08\/Depositphotos_234585380_L.jpg","type":"image\/jpeg"}],"author":"Jorge P\u00e9rez Mart\u00ednez","twitter_card":"summary_large_image","twitter_misc":{"Written by":"Jorge P\u00e9rez Mart\u00ednez","Est. reading time":"6 minutos"},"schema":{"@context":"https:\/\/schema.org","@graph":[{"@type":"Article","@id":"https:\/\/www.movistar.es\/blog\/mi-movistar\/que-son-los-derechos-digitales\/#article","isPartOf":{"@id":"https:\/\/www.movistar.es\/blog\/mi-movistar\/que-son-los-derechos-digitales\/"},"author":{"name":"Jorge P\u00e9rez Mart\u00ednez","@id":"https:\/\/www.movistar.es\/blog\/#\/schema\/person\/4c39e9237833c5d54fda82b677a9004b"},"headline":"Qu\u00e9 son los derechos digitales","datePublished":"2023-02-14T08:53:00+00:00","dateModified":"2023-02-14T08:53:30+00:00","mainEntityOfPage":{"@id":"https:\/\/www.movistar.es\/blog\/mi-movistar\/que-son-los-derechos-digitales\/"},"wordCount":1220,"publisher":{"@id":"https:\/\/www.movistar.es\/blog\/#organization"},"image":{"@id":"https:\/\/www.movistar.es\/blog\/mi-movistar\/que-son-los-derechos-digitales\/#primaryimage"},"thumbnailUrl":"https:\/\/www.movistar.es\/blog\/wp-content\/uploads\/sites\/3\/2000\/08\/Depositphotos_234585380_L.jpg","inLanguage":"es"},{"@type":"WebPage","@id":"https:\/\/www.movistar.es\/blog\/mi-movistar\/que-son-los-derechos-digitales\/","url":"https:\/\/www.movistar.es\/blog\/mi-movistar\/que-son-los-derechos-digitales\/","name":"Qu\u00e9 son los derechos digitales","isPartOf":{"@id":"https:\/\/www.movistar.es\/blog\/#website"},"primaryImageOfPage":{"@id":"https:\/\/www.movistar.es\/blog\/mi-movistar\/que-son-los-derechos-digitales\/#primaryimage"},"image":{"@id":"https:\/\/www.movistar.es\/blog\/mi-movistar\/que-son-los-derechos-digitales\/#primaryimage"},"thumbnailUrl":"https:\/\/www.movistar.es\/blog\/wp-content\/uploads\/sites\/3\/2000\/08\/Depositphotos_234585380_L.jpg","datePublished":"2023-02-14T08:53:00+00:00","dateModified":"2023-02-14T08:53:30+00:00","description":"Hablamos en profundidad sobre qu\u00e9 son los derechos, c\u00f3mo nos afectan en nuestra vida cotidiana y cu\u00e1l es su futuro.","breadcrumb":{"@id":"https:\/\/www.movistar.es\/blog\/mi-movistar\/que-son-los-derechos-digitales\/#breadcrumb"},"inLanguage":"es","potentialAction":[{"@type":"ReadAction","target":["https:\/\/www.movistar.es\/blog\/mi-movistar\/que-son-los-derechos-digitales\/"]}]},{"@type":"ImageObject","inLanguage":"es","@id":"https:\/\/www.movistar.es\/blog\/mi-movistar\/que-son-los-derechos-digitales\/#primaryimage","url":"https:\/\/www.movistar.es\/blog\/wp-content\/uploads\/sites\/3\/2000\/08\/Depositphotos_234585380_L.jpg","contentUrl":"https:\/\/www.movistar.es\/blog\/wp-content\/uploads\/sites\/3\/2000\/08\/Depositphotos_234585380_L.jpg","width":2000,"height":1333,"caption":"derechos digitales"},{"@type":"BreadcrumbList","@id":"https:\/\/www.movistar.es\/blog\/mi-movistar\/que-son-los-derechos-digitales\/#breadcrumb","itemListElement":[{"@type":"ListItem","position":1,"name":"Home","item":"https:\/\/www.movistar.es\/blog\/"},{"@type":"ListItem","position":2,"name":"Qu\u00e9 son los derechos digitales"}]},{"@type":"WebSite","@id":"https:\/\/www.movistar.es\/blog\/#website","url":"https:\/\/www.movistar.es\/blog\/","name":"Movistar blog","description":"Movistar Blog. Informaci\u00f3n y m\u00e1s sobre los productos y servicios de Movistar","publisher":{"@id":"https:\/\/www.movistar.es\/blog\/#organization"},"potentialAction":[{"@type":"SearchAction","target":{"@type":"EntryPoint","urlTemplate":"https:\/\/www.movistar.es\/blog\/?s={search_term_string}"},"query-input":{"@type":"PropertyValueSpecification","valueRequired":true,"valueName":"search_term_string"}}],"inLanguage":"es"},{"@type":"Organization","@id":"https:\/\/www.movistar.es\/blog\/#organization","name":"Movistar blog","url":"https:\/\/www.movistar.es\/blog\/","logo":{"@type":"ImageObject","inLanguage":"es","@id":"https:\/\/www.movistar.es\/blog\/#\/schema\/logo\/image\/","url":"https:\/\/www.movistar.es\/blog\/wp-content\/uploads\/sites\/3\/2022\/05\/logo_movistar-1.svg","contentUrl":"https:\/\/www.movistar.es\/blog\/wp-content\/uploads\/sites\/3\/2022\/05\/logo_movistar-1.svg","width":369,"height":272,"caption":"Movistar blog"},"image":{"@id":"https:\/\/www.movistar.es\/blog\/#\/schema\/logo\/image\/"}},{"@type":"Person","@id":"https:\/\/www.movistar.es\/blog\/#\/schema\/person\/4c39e9237833c5d54fda82b677a9004b","name":"Jorge P\u00e9rez Mart\u00ednez","image":{"@type":"ImageObject","inLanguage":"es","@id":"https:\/\/www.movistar.es\/blog\/#\/schema\/person\/image\/4bd2ced31a3169e248aa25cfc538265d","url":"https:\/\/secure.gravatar.com\/avatar\/b20ac64d34a9ebd0cd4eb5e58f001a312b4300f622f71cad813cdafba1df3cbd","contentUrl":"https:\/\/secure.gravatar.com\/avatar\/b20ac64d34a9ebd0cd4eb5e58f001a312b4300f622f71cad813cdafba1df3cbd","caption":"Jorge P\u00e9rez Mart\u00ednez"},"description":"Jorge P\u00e9rez Mart\u00ednez es doctor Ingeniero de Telecomunicaci\u00f3n por la Universidad Polit\u00e9cnica de Madrid (UPM) y Licenciado en Ciencias Pol\u00edticas y Sociolog\u00eda por la Universidad Complutense de Madrid. Actualmente es miembro del Consejo Asesor de la Fundaci\u00f3n Di\u00e1logos para la Democracia y Patrono de Fundetel. Desde 1990 es Catedr\u00e1tico de la ETSI de Telecomunicaci\u00f3n de la UPM donde imparte docencia e investigaci\u00f3n en materias relacionadas con los aspectos socioecon\u00f3micos de las tecnolog\u00edas de la informaci\u00f3n y las comunicaciones, y su regulaci\u00f3n. Entre otros m\u00e9ritos ha sido Decano del Colegio Oficial de Ingenieros de Telecomunicaci\u00f3n, Director General para el desarrollo de la Sociedad de la Informaci\u00f3n en el Ministerio de Ciencia y Tecnolog\u00eda y Consejero de los Consejos de Administraci\u00f3n del CDTI y de la Entidad P\u00fablica Empresarial Red.es. Ha sido director de la C\u00e1tedra RED. ES de la UPM desde donde ha asesorado a la Secretar\u00eda de Estado de Telecomunicaciones y para el Desarrollo de la Sociedad de la Informaci\u00f3n y a la entidad empresarial Red.es del Ministerio de Industria, Turismo y Comercio. Adem\u00e1s, ha sido Patrono fundador y Vicepresidente de las Fundaciones DINTEL y ONG Solidarios Profesionales. En el sector privado, ha sido Presidente de la Consultora Symmachia, consejero de TTT e Infoglobal y asesor de IKUSI, CEPREDE y Cable AML. En la actualidad realiza sus funciones docentes e investigadoras en la Escuela T\u00e9cnica Superior de Ingenieros de Telecomunicaci\u00f3n de la Universidad Polit\u00e9cnica de Madrid en el \u00e1rea del An\u00e1lisis y Prospectiva del Sector y la Econom\u00eda Digital. Coordina el Foro de Gobernanza de Internet en Espa\u00f1a.","sameAs":["https:\/\/www.linkedin.com\/in\/jorgeeperezmartinez\/"],"knowsAbout":["derechos digitales","sociedad de la informaci\u00f3n"],"jobTitle":"Catedr\u00e1tico UPM,  Director Ejecutivo de FUNDETEL","url":"https:\/\/www.movistar.es\/blog\/author\/jorgeperezmartinez\/"}]}},"jetpack_featured_media_url":"https:\/\/www.movistar.es\/blog\/wp-content\/uploads\/sites\/3\/2000\/08\/Depositphotos_234585380_L.jpg","jetpack_sharing_enabled":true,"_links":{"self":[{"href":"https:\/\/www.movistar.es\/blog\/wp-json\/wp\/v2\/posts\/11282","targetHints":{"allow":["GET"]}}],"collection":[{"href":"https:\/\/www.movistar.es\/blog\/wp-json\/wp\/v2\/posts"}],"about":[{"href":"https:\/\/www.movistar.es\/blog\/wp-json\/wp\/v2\/types\/post"}],"author":[{"embeddable":true,"href":"https:\/\/www.movistar.es\/blog\/wp-json\/wp\/v2\/users\/153"}],"replies":[{"embeddable":true,"href":"https:\/\/www.movistar.es\/blog\/wp-json\/wp\/v2\/comments?post=11282"}],"version-history":[{"count":5,"href":"https:\/\/www.movistar.es\/blog\/wp-json\/wp\/v2\/posts\/11282\/revisions"}],"predecessor-version":[{"id":11329,"href":"https:\/\/www.movistar.es\/blog\/wp-json\/wp\/v2\/posts\/11282\/revisions\/11329"}],"wp:featuredmedia":[{"embeddable":true,"href":"https:\/\/www.movistar.es\/blog\/wp-json\/wp\/v2\/media\/11320"}],"wp:attachment":[{"href":"https:\/\/www.movistar.es\/blog\/wp-json\/wp\/v2\/media?parent=11282"}],"wp:term":[{"taxonomy":"category","embeddable":true,"href":"https:\/\/www.movistar.es\/blog\/wp-json\/wp\/v2\/categories?post=11282"},{"taxonomy":"post_tag","embeddable":true,"href":"https:\/\/www.movistar.es\/blog\/wp-json\/wp\/v2\/tags?post=11282"},{"taxonomy":"area","embeddable":true,"href":"https:\/\/www.movistar.es\/blog\/wp-json\/wp\/v2\/area?post=11282"},{"taxonomy":"cluster","embeddable":true,"href":"https:\/\/www.movistar.es\/blog\/wp-json\/wp\/v2\/cluster?post=11282"},{"taxonomy":"linea_editorial","embeddable":true,"href":"https:\/\/www.movistar.es\/blog\/wp-json\/wp\/v2\/linea_editorial?post=11282"},{"taxonomy":"author","embeddable":true,"href":"https:\/\/www.movistar.es\/blog\/wp-json\/wp\/v2\/coauthors?post=11282"}],"curies":[{"name":"wp","href":"https:\/\/api.w.org\/{rel}","templated":true}]}}