{"id":11206,"date":"2023-02-22T09:34:00","date_gmt":"2023-02-22T08:34:00","guid":{"rendered":"https:\/\/www.movistar.es\/blog\/?p=11206"},"modified":"2023-02-22T09:34:14","modified_gmt":"2023-02-22T08:34:14","slug":"que-es-segunda-linea-movil","status":"publish","type":"post","link":"https:\/\/www.movistar.es\/blog\/mi-movistar\/que-es-segunda-linea-movil\/","title":{"rendered":"Qu\u00e9 es una l\u00ednea virtual o segunda l\u00ednea"},"content":{"rendered":"\n<p>A d\u00eda de hoy, podemos decir que el <a href=\"https:\/\/www.movistar.es\/blog\/dispositivos\/samsung-galaxy-s23\/\" target=\"_blank\" rel=\"noreferrer noopener\"><strong>tel\u00e9fono m\u00f3vil<\/strong> <\/a>es nuestro centro de operaciones. A trav\u00e9s de \u00e9l realizamos todo tipo de acciones en Internet, lo que hace que, de una forma u otra, nos expongamos a algunos peligros virtuales.<\/p>\n\n\n\n<p>Entonces, \u00bfc\u00f3mo podemos mantener segura nuestra l\u00ednea m\u00f3vil? Hay varias formas, claro, pero muchos usuarios apuestan por contratar una <strong>segunda l\u00ednea<\/strong>. A continuaci\u00f3n, te explicamos c\u00f3mo <strong>Movistar<\/strong> puede ayudarte.<\/p>\n\n\n\n<h2 class=\"wp-block-heading\" class=\"wp-block-heading\" id=\"por-que-contratar-una-segunda-linea-movil\">Por qu\u00e9 contratar una segunda l\u00ednea m\u00f3vil<\/h2>\n\n\n\n<p>Como hemos mencionado antes, utilizamos nuestro tel\u00e9fono m\u00f3vil para todo. Lo usamos para registrarnos en nuevas aplicaciones, rellenar formularios o, incluso, para vender y comprar online. Es decir, estamos continuamente compartiendo nuestros datos personales.<\/p>\n\n\n\n<p>Teniendo esto en cuenta, si tenemos una segunda l\u00ednea m\u00f3vil conseguiremos permanecer <strong>relativamente an\u00f3nimos<\/strong> mientras navegamos por Internet. De esta forma, reducimos las posibilidades de que alguien pueda hacerse con nuestra informaci\u00f3n.<\/p>\n\n\n\n<p>Pero no solo obtendremos una mayor privacidad. Tambi\u00e9n contaremos con ventajas como tener en un solo tel\u00e9fono m\u00f3vil nuestra l\u00ednea personal y la del trabajo, por ejemplo, concentrando en un solo dispositivo <strong>todas las funciones<\/strong>.<\/p>\n\n\n\n<p>Esto, a\u00fan as\u00ed, no es todo. Y es que si contratas tu <a href=\"https:\/\/segundalinea.movistar.es\/?pid=blogmovistar_mimovistar_11206\" target=\"_blank\" rel=\"noreferrer noopener\">segunda l\u00ednea m\u00f3vil con Movistar<\/a> podr\u00e1s disfrutar de <strong>m\u00faltiples beneficios<\/strong>, tal y como te explicaremos a continuaci\u00f3n.<\/p>\n\n\n\n<figure class=\"wp-block-image aligncenter size-large is-resized\"><img loading=\"lazy\" decoding=\"async\" src=\"https:\/\/www.movistar.es\/blog\/wp-content\/uploads\/sites\/3\/2023\/02\/unnamed.jpg?w=485\" alt=\"segunda l\u00ednea\" class=\"wp-image-11207\" width=\"485\" height=\"1024\" srcset=\"https:\/\/www.movistar.es\/blog\/wp-content\/uploads\/sites\/3\/2023\/02\/unnamed.jpg 1080w, https:\/\/www.movistar.es\/blog\/wp-content\/uploads\/sites\/3\/2023\/02\/unnamed.jpg?resize=142,300 142w, https:\/\/www.movistar.es\/blog\/wp-content\/uploads\/sites\/3\/2023\/02\/unnamed.jpg?resize=768,1621 768w, https:\/\/www.movistar.es\/blog\/wp-content\/uploads\/sites\/3\/2023\/02\/unnamed.jpg?resize=485,1024 485w, https:\/\/www.movistar.es\/blog\/wp-content\/uploads\/sites\/3\/2023\/02\/unnamed.jpg?resize=728,1536 728w, https:\/\/www.movistar.es\/blog\/wp-content\/uploads\/sites\/3\/2023\/02\/unnamed.jpg?resize=970,2048 970w\" sizes=\"auto, (max-width: 485px) 100vw, 485px\" \/><\/figure>\n\n\n\n<h2 class=\"wp-block-heading\" id=\"h-contrata-tu-segunda-linea-movil-con-movistar\">Contrata tu segunda l\u00ednea m\u00f3vil con Movistar<\/h2>\n\n\n\n<p>Ahora, <a href=\"https:\/\/www.movistar.es\/particulares\/movil\/servicios\/segunda-linea\/?pid=blogmovistar_mimovistar_11206\" target=\"_blank\" rel=\"noreferrer noopener\">Movistar ofrece a sus clientes el servicio <strong>Segunda L\u00ednea<\/strong><\/a>. Con \u00e9l podr\u00e1n manejar una l\u00ednea virtual desde la App de su tel\u00e9fono con el fin de poder preservar su privacidad cuando est\u00e9n navegando.<\/p>\n\n\n\n<p>A trav\u00e9s de dicha App, <strong>podremos gestionar nuestra disponibilidad<\/strong>&nbsp;a los tel\u00e9fonos que nos llamen a esta segunda l\u00ednea. Tambi\u00e9n se puede personalizar los desv\u00edos y saludos que responder\u00e1n en nuestra Segunda L\u00ednea de Movistar, tanto de forma gen\u00e9rica como definidos por contacto.<\/p>\n\n\n\n<p>Adem\u00e1s, es posible bloquear llamadas y SMS indeseados, SPAM de n\u00fameros ocultos, etc\u2026 Con este servicio tendremos <strong>dos n\u00fameros de Movistar integrados en la misma <a href=\"https:\/\/www.movistar.es\/blog\/router\/router-tarjeta-sim\/\" target=\"_blank\" rel=\"noreferrer noopener\">SIM<\/a><\/strong>, una de forma virtual.<\/p>\n\n\n\n<p>Todo esto<strong> sin cuota de alta<\/strong> y por muy poco al mes disfrutar\u00e1s de otro n\u00famero en tu m\u00f3vil. Y con la ventaja de que las llamadas que hagas con tu Segunda L\u00ednea te costar\u00e1n lo mismo que si las hicieras con tu n\u00famero principal.<\/p>\n","protected":false},"excerpt":{"rendered":"<p>A d\u00eda de hoy, podemos decir que el tel\u00e9fono m\u00f3vil es nuestro centro de operaciones. A trav\u00e9s de \u00e9l realizamos todo tipo de acciones en Internet, lo que hace que, de una forma u otra, [&hellip;]<\/p>\n","protected":false},"author":151,"featured_media":11208,"comment_status":"closed","ping_status":"closed","sticky":false,"template":"","format":"standard","meta":{"site-sidebar-layout":"default","site-content-layout":"","ast-site-content-layout":"","site-content-style":"default","site-sidebar-style":"default","ast-global-header-display":"","ast-banner-title-visibility":"","ast-main-header-display":"","ast-hfb-above-header-display":"","ast-hfb-below-header-display":"","ast-hfb-mobile-header-display":"","site-post-title":"","ast-breadcrumbs-content":"","ast-featured-img":"","footer-sml-layout":"","theme-transparent-header-meta":"","adv-header-id-meta":"","stick-header-meta":"","header-above-stick-meta":"","header-main-stick-meta":"","header-below-stick-meta":"","astra-migrate-meta-layouts":"default","ast-page-background-enabled":"default","ast-page-background-meta":{"desktop":{"background-color":"var(--ast-global-color-4)","background-image":"","background-repeat":"repeat","background-position":"center center","background-size":"auto","background-attachment":"scroll","background-type":"","background-media":"","overlay-type":"","overlay-color":"","overlay-opacity":"","overlay-gradient":""},"tablet":{"background-color":"","background-image":"","background-repeat":"repeat","background-position":"center center","background-size":"auto","background-attachment":"scroll","background-type":"","background-media":"","overlay-type":"","overlay-color":"","overlay-opacity":"","overlay-gradient":""},"mobile":{"background-color":"","background-image":"","background-repeat":"repeat","background-position":"center center","background-size":"auto","background-attachment":"scroll","background-type":"","background-media":"","overlay-type":"","overlay-color":"","overlay-opacity":"","overlay-gradient":""}},"ast-content-background-meta":{"desktop":{"background-color":"var(--ast-global-color-5)","background-image":"","background-repeat":"repeat","background-position":"center center","background-size":"auto","background-attachment":"scroll","background-type":"","background-media":"","overlay-type":"","overlay-color":"","overlay-opacity":"","overlay-gradient":""},"tablet":{"background-color":"var(--ast-global-color-5)","background-image":"","background-repeat":"repeat","background-position":"center center","background-size":"auto","background-attachment":"scroll","background-type":"","background-media":"","overlay-type":"","overlay-color":"","overlay-opacity":"","overlay-gradient":""},"mobile":{"background-color":"var(--ast-global-color-5)","background-image":"","background-repeat":"repeat","background-position":"center center","background-size":"auto","background-attachment":"scroll","background-type":"","background-media":"","overlay-type":"","overlay-color":"","overlay-opacity":"","overlay-gradient":""}},"_jetpack_memberships_contains_paid_content":false,"footnotes":""},"categories":[1],"tags":[],"area":[427],"cluster":[345],"linea_editorial":[],"coauthors":[542],"class_list":["post-11206","post","type-post","status-publish","format-standard","has-post-thumbnail","hentry","category-sin-categoria","area-gametv","cluster-mi-movistar"],"yoast_head":"<!-- This site is optimized with the Yoast SEO Premium plugin v25.5 (Yoast SEO v25.5) - https:\/\/yoast.com\/wordpress\/plugins\/seo\/ -->\n<title>Qu\u00e9 es una l\u00ednea virtual o segunda l\u00ednea<\/title>\n<meta name=\"description\" content=\"Te contamos c\u00f3mo una segunda l\u00ednea m\u00f3vil puede ayudarte a mantener tu privacidad online y c\u00f3mo contratarla con Movistar.\" \/>\n<meta name=\"robots\" content=\"index, follow, max-snippet:-1, max-image-preview:large, max-video-preview:-1\" \/>\n<link rel=\"canonical\" href=\"https:\/\/www.movistar.es\/blog\/mi-movistar\/que-es-segunda-linea-movil\/\" \/>\n<meta property=\"og:locale\" content=\"es_ES\" \/>\n<meta property=\"og:type\" content=\"article\" \/>\n<meta property=\"og:title\" content=\"Qu\u00e9 es una l\u00ednea virtual o segunda l\u00ednea\" \/>\n<meta property=\"og:description\" content=\"Te contamos c\u00f3mo una segunda l\u00ednea m\u00f3vil puede ayudarte a mantener tu privacidad online y c\u00f3mo contratarla con Movistar.\" \/>\n<meta property=\"og:url\" content=\"https:\/\/www.movistar.es\/blog\/mi-movistar\/que-es-segunda-linea-movil\/\" \/>\n<meta property=\"og:site_name\" content=\"Movistar blog\" \/>\n<meta property=\"article:published_time\" content=\"2023-02-22T08:34:00+00:00\" \/>\n<meta property=\"article:modified_time\" content=\"2023-02-22T08:34:14+00:00\" \/>\n<meta property=\"og:image\" content=\"https:\/\/www.movistar.es\/blog\/wp-content\/uploads\/sites\/3\/2023\/02\/Depositphotos_59323759_L.jpg\" \/>\n\t<meta property=\"og:image:width\" content=\"1999\" \/>\n\t<meta property=\"og:image:height\" content=\"1333\" \/>\n\t<meta property=\"og:image:type\" content=\"image\/jpeg\" \/>\n<meta name=\"author\" content=\"Al\u00ed Jos\u00e9 Arreaza\" \/>\n<meta name=\"twitter:card\" content=\"summary_large_image\" \/>\n<meta name=\"twitter:label1\" content=\"Written by\" \/>\n\t<meta name=\"twitter:data1\" content=\"Al\u00ed Jos\u00e9 Arreaza\" \/>\n\t<meta name=\"twitter:label2\" content=\"Est. reading time\" \/>\n\t<meta name=\"twitter:data2\" content=\"2 minutos\" \/>\n<script type=\"application\/ld+json\" class=\"yoast-schema-graph\">{\"@context\":\"https:\/\/schema.org\",\"@graph\":[{\"@type\":\"Article\",\"@id\":\"https:\/\/www.movistar.es\/blog\/mi-movistar\/que-es-segunda-linea-movil\/#article\",\"isPartOf\":{\"@id\":\"https:\/\/www.movistar.es\/blog\/mi-movistar\/que-es-segunda-linea-movil\/\"},\"author\":{\"name\":\"Al\u00ed Jos\u00e9 Arreaza\",\"@id\":\"https:\/\/www.movistar.es\/blog\/#\/schema\/person\/fcef8f2ed4b52cf0806deb5e6e0f6c94\"},\"headline\":\"Qu\u00e9 es una l\u00ednea virtual o segunda l\u00ednea\",\"datePublished\":\"2023-02-22T08:34:00+00:00\",\"dateModified\":\"2023-02-22T08:34:14+00:00\",\"mainEntityOfPage\":{\"@id\":\"https:\/\/www.movistar.es\/blog\/mi-movistar\/que-es-segunda-linea-movil\/\"},\"wordCount\":429,\"publisher\":{\"@id\":\"https:\/\/www.movistar.es\/blog\/#organization\"},\"image\":{\"@id\":\"https:\/\/www.movistar.es\/blog\/mi-movistar\/que-es-segunda-linea-movil\/#primaryimage\"},\"thumbnailUrl\":\"https:\/\/www.movistar.es\/blog\/wp-content\/uploads\/sites\/3\/2023\/02\/Depositphotos_59323759_L.jpg\",\"inLanguage\":\"es\"},{\"@type\":\"WebPage\",\"@id\":\"https:\/\/www.movistar.es\/blog\/mi-movistar\/que-es-segunda-linea-movil\/\",\"url\":\"https:\/\/www.movistar.es\/blog\/mi-movistar\/que-es-segunda-linea-movil\/\",\"name\":\"Qu\u00e9 es una l\u00ednea virtual o segunda l\u00ednea\",\"isPartOf\":{\"@id\":\"https:\/\/www.movistar.es\/blog\/#website\"},\"primaryImageOfPage\":{\"@id\":\"https:\/\/www.movistar.es\/blog\/mi-movistar\/que-es-segunda-linea-movil\/#primaryimage\"},\"image\":{\"@id\":\"https:\/\/www.movistar.es\/blog\/mi-movistar\/que-es-segunda-linea-movil\/#primaryimage\"},\"thumbnailUrl\":\"https:\/\/www.movistar.es\/blog\/wp-content\/uploads\/sites\/3\/2023\/02\/Depositphotos_59323759_L.jpg\",\"datePublished\":\"2023-02-22T08:34:00+00:00\",\"dateModified\":\"2023-02-22T08:34:14+00:00\",\"description\":\"Te contamos c\u00f3mo una segunda l\u00ednea m\u00f3vil puede ayudarte a mantener tu privacidad online y c\u00f3mo contratarla con Movistar.\",\"breadcrumb\":{\"@id\":\"https:\/\/www.movistar.es\/blog\/mi-movistar\/que-es-segunda-linea-movil\/#breadcrumb\"},\"inLanguage\":\"es\",\"potentialAction\":[{\"@type\":\"ReadAction\",\"target\":[\"https:\/\/www.movistar.es\/blog\/mi-movistar\/que-es-segunda-linea-movil\/\"]}]},{\"@type\":\"ImageObject\",\"inLanguage\":\"es\",\"@id\":\"https:\/\/www.movistar.es\/blog\/mi-movistar\/que-es-segunda-linea-movil\/#primaryimage\",\"url\":\"https:\/\/www.movistar.es\/blog\/wp-content\/uploads\/sites\/3\/2023\/02\/Depositphotos_59323759_L.jpg\",\"contentUrl\":\"https:\/\/www.movistar.es\/blog\/wp-content\/uploads\/sites\/3\/2023\/02\/Depositphotos_59323759_L.jpg\",\"width\":1999,\"height\":1333,\"caption\":\"segunda l\u00ednea\"},{\"@type\":\"BreadcrumbList\",\"@id\":\"https:\/\/www.movistar.es\/blog\/mi-movistar\/que-es-segunda-linea-movil\/#breadcrumb\",\"itemListElement\":[{\"@type\":\"ListItem\",\"position\":1,\"name\":\"Home\",\"item\":\"https:\/\/www.movistar.es\/blog\/\"},{\"@type\":\"ListItem\",\"position\":2,\"name\":\"Qu\u00e9 es una l\u00ednea virtual o segunda l\u00ednea\"}]},{\"@type\":\"WebSite\",\"@id\":\"https:\/\/www.movistar.es\/blog\/#website\",\"url\":\"https:\/\/www.movistar.es\/blog\/\",\"name\":\"Movistar blog\",\"description\":\"Movistar Blog. Informaci\u00f3n y m\u00e1s sobre los productos y servicios de Movistar\",\"publisher\":{\"@id\":\"https:\/\/www.movistar.es\/blog\/#organization\"},\"potentialAction\":[{\"@type\":\"SearchAction\",\"target\":{\"@type\":\"EntryPoint\",\"urlTemplate\":\"https:\/\/www.movistar.es\/blog\/?s={search_term_string}\"},\"query-input\":{\"@type\":\"PropertyValueSpecification\",\"valueRequired\":true,\"valueName\":\"search_term_string\"}}],\"inLanguage\":\"es\"},{\"@type\":\"Organization\",\"@id\":\"https:\/\/www.movistar.es\/blog\/#organization\",\"name\":\"Movistar blog\",\"url\":\"https:\/\/www.movistar.es\/blog\/\",\"logo\":{\"@type\":\"ImageObject\",\"inLanguage\":\"es\",\"@id\":\"https:\/\/www.movistar.es\/blog\/#\/schema\/logo\/image\/\",\"url\":\"https:\/\/www.movistar.es\/blog\/wp-content\/uploads\/sites\/3\/2022\/05\/logo_movistar-1.svg\",\"contentUrl\":\"https:\/\/www.movistar.es\/blog\/wp-content\/uploads\/sites\/3\/2022\/05\/logo_movistar-1.svg\",\"width\":369,\"height\":272,\"caption\":\"Movistar blog\"},\"image\":{\"@id\":\"https:\/\/www.movistar.es\/blog\/#\/schema\/logo\/image\/\"}},{\"@type\":\"Person\",\"@id\":\"https:\/\/www.movistar.es\/blog\/#\/schema\/person\/fcef8f2ed4b52cf0806deb5e6e0f6c94\",\"name\":\"Al\u00ed Jos\u00e9 Arreaza\",\"image\":{\"@type\":\"ImageObject\",\"inLanguage\":\"es\",\"@id\":\"https:\/\/www.movistar.es\/blog\/#\/schema\/person\/image\/8204b5e34179b672762e4c210a476bb5\",\"url\":\"https:\/\/secure.gravatar.com\/avatar\/6d52597e72010063ecb0e759de7f605fe4e861dd38f8a05a9524ff0e487b659f\",\"contentUrl\":\"https:\/\/secure.gravatar.com\/avatar\/6d52597e72010063ecb0e759de7f605fe4e861dd38f8a05a9524ff0e487b659f\",\"caption\":\"Al\u00ed Jos\u00e9 Arreaza\"},\"description\":\"Graduado por el IESE y el IE, soy tutor y docente de de Estrategia y Visi\u00f3n Global de Negocio en el MBA de Cerem International Business School. Tambi\u00e9n he formado parte del profesorado docente de EU Business School. He desarrollado diferentes publicaciones y escrito art\u00edculos para distintas revistas del sector. Actualmente adem\u00e1s soy Product Manager de 'Segunda l\u00ednea' o 'L\u00ednea Virtual' de Movistar. Siendo responsable de todas la acciones para su mejora y difusi\u00f3n.\",\"sameAs\":[\"https:\/\/www.linkedin.com\/in\/ali-jose-arreaza-80b82b29\/\"],\"knowsAbout\":[\"l\u00edneas m\u00f3viles\",\"movistar\"],\"url\":\"https:\/\/www.movistar.es\/blog\/author\/alijosearreaza\/\"}]}<\/script>\n<!-- \/ Yoast SEO Premium plugin. -->","yoast_head_json":{"title":"Qu\u00e9 es una l\u00ednea virtual o segunda l\u00ednea","description":"Te contamos c\u00f3mo una segunda l\u00ednea m\u00f3vil puede ayudarte a mantener tu privacidad online y c\u00f3mo contratarla con Movistar.","robots":{"index":"index","follow":"follow","max-snippet":"max-snippet:-1","max-image-preview":"max-image-preview:large","max-video-preview":"max-video-preview:-1"},"canonical":"https:\/\/www.movistar.es\/blog\/mi-movistar\/que-es-segunda-linea-movil\/","og_locale":"es_ES","og_type":"article","og_title":"Qu\u00e9 es una l\u00ednea virtual o segunda l\u00ednea","og_description":"Te contamos c\u00f3mo una segunda l\u00ednea m\u00f3vil puede ayudarte a mantener tu privacidad online y c\u00f3mo contratarla con Movistar.","og_url":"https:\/\/www.movistar.es\/blog\/mi-movistar\/que-es-segunda-linea-movil\/","og_site_name":"Movistar blog","article_published_time":"2023-02-22T08:34:00+00:00","article_modified_time":"2023-02-22T08:34:14+00:00","og_image":[{"width":1999,"height":1333,"url":"https:\/\/www.movistar.es\/blog\/wp-content\/uploads\/sites\/3\/2023\/02\/Depositphotos_59323759_L.jpg","type":"image\/jpeg"}],"author":"Al\u00ed Jos\u00e9 Arreaza","twitter_card":"summary_large_image","twitter_misc":{"Written by":"Al\u00ed Jos\u00e9 Arreaza","Est. reading time":"2 minutos"},"schema":{"@context":"https:\/\/schema.org","@graph":[{"@type":"Article","@id":"https:\/\/www.movistar.es\/blog\/mi-movistar\/que-es-segunda-linea-movil\/#article","isPartOf":{"@id":"https:\/\/www.movistar.es\/blog\/mi-movistar\/que-es-segunda-linea-movil\/"},"author":{"name":"Al\u00ed Jos\u00e9 Arreaza","@id":"https:\/\/www.movistar.es\/blog\/#\/schema\/person\/fcef8f2ed4b52cf0806deb5e6e0f6c94"},"headline":"Qu\u00e9 es una l\u00ednea virtual o segunda l\u00ednea","datePublished":"2023-02-22T08:34:00+00:00","dateModified":"2023-02-22T08:34:14+00:00","mainEntityOfPage":{"@id":"https:\/\/www.movistar.es\/blog\/mi-movistar\/que-es-segunda-linea-movil\/"},"wordCount":429,"publisher":{"@id":"https:\/\/www.movistar.es\/blog\/#organization"},"image":{"@id":"https:\/\/www.movistar.es\/blog\/mi-movistar\/que-es-segunda-linea-movil\/#primaryimage"},"thumbnailUrl":"https:\/\/www.movistar.es\/blog\/wp-content\/uploads\/sites\/3\/2023\/02\/Depositphotos_59323759_L.jpg","inLanguage":"es"},{"@type":"WebPage","@id":"https:\/\/www.movistar.es\/blog\/mi-movistar\/que-es-segunda-linea-movil\/","url":"https:\/\/www.movistar.es\/blog\/mi-movistar\/que-es-segunda-linea-movil\/","name":"Qu\u00e9 es una l\u00ednea virtual o segunda l\u00ednea","isPartOf":{"@id":"https:\/\/www.movistar.es\/blog\/#website"},"primaryImageOfPage":{"@id":"https:\/\/www.movistar.es\/blog\/mi-movistar\/que-es-segunda-linea-movil\/#primaryimage"},"image":{"@id":"https:\/\/www.movistar.es\/blog\/mi-movistar\/que-es-segunda-linea-movil\/#primaryimage"},"thumbnailUrl":"https:\/\/www.movistar.es\/blog\/wp-content\/uploads\/sites\/3\/2023\/02\/Depositphotos_59323759_L.jpg","datePublished":"2023-02-22T08:34:00+00:00","dateModified":"2023-02-22T08:34:14+00:00","description":"Te contamos c\u00f3mo una segunda l\u00ednea m\u00f3vil puede ayudarte a mantener tu privacidad online y c\u00f3mo contratarla con Movistar.","breadcrumb":{"@id":"https:\/\/www.movistar.es\/blog\/mi-movistar\/que-es-segunda-linea-movil\/#breadcrumb"},"inLanguage":"es","potentialAction":[{"@type":"ReadAction","target":["https:\/\/www.movistar.es\/blog\/mi-movistar\/que-es-segunda-linea-movil\/"]}]},{"@type":"ImageObject","inLanguage":"es","@id":"https:\/\/www.movistar.es\/blog\/mi-movistar\/que-es-segunda-linea-movil\/#primaryimage","url":"https:\/\/www.movistar.es\/blog\/wp-content\/uploads\/sites\/3\/2023\/02\/Depositphotos_59323759_L.jpg","contentUrl":"https:\/\/www.movistar.es\/blog\/wp-content\/uploads\/sites\/3\/2023\/02\/Depositphotos_59323759_L.jpg","width":1999,"height":1333,"caption":"segunda l\u00ednea"},{"@type":"BreadcrumbList","@id":"https:\/\/www.movistar.es\/blog\/mi-movistar\/que-es-segunda-linea-movil\/#breadcrumb","itemListElement":[{"@type":"ListItem","position":1,"name":"Home","item":"https:\/\/www.movistar.es\/blog\/"},{"@type":"ListItem","position":2,"name":"Qu\u00e9 es una l\u00ednea virtual o segunda l\u00ednea"}]},{"@type":"WebSite","@id":"https:\/\/www.movistar.es\/blog\/#website","url":"https:\/\/www.movistar.es\/blog\/","name":"Movistar blog","description":"Movistar Blog. Informaci\u00f3n y m\u00e1s sobre los productos y servicios de Movistar","publisher":{"@id":"https:\/\/www.movistar.es\/blog\/#organization"},"potentialAction":[{"@type":"SearchAction","target":{"@type":"EntryPoint","urlTemplate":"https:\/\/www.movistar.es\/blog\/?s={search_term_string}"},"query-input":{"@type":"PropertyValueSpecification","valueRequired":true,"valueName":"search_term_string"}}],"inLanguage":"es"},{"@type":"Organization","@id":"https:\/\/www.movistar.es\/blog\/#organization","name":"Movistar blog","url":"https:\/\/www.movistar.es\/blog\/","logo":{"@type":"ImageObject","inLanguage":"es","@id":"https:\/\/www.movistar.es\/blog\/#\/schema\/logo\/image\/","url":"https:\/\/www.movistar.es\/blog\/wp-content\/uploads\/sites\/3\/2022\/05\/logo_movistar-1.svg","contentUrl":"https:\/\/www.movistar.es\/blog\/wp-content\/uploads\/sites\/3\/2022\/05\/logo_movistar-1.svg","width":369,"height":272,"caption":"Movistar blog"},"image":{"@id":"https:\/\/www.movistar.es\/blog\/#\/schema\/logo\/image\/"}},{"@type":"Person","@id":"https:\/\/www.movistar.es\/blog\/#\/schema\/person\/fcef8f2ed4b52cf0806deb5e6e0f6c94","name":"Al\u00ed Jos\u00e9 Arreaza","image":{"@type":"ImageObject","inLanguage":"es","@id":"https:\/\/www.movistar.es\/blog\/#\/schema\/person\/image\/8204b5e34179b672762e4c210a476bb5","url":"https:\/\/secure.gravatar.com\/avatar\/6d52597e72010063ecb0e759de7f605fe4e861dd38f8a05a9524ff0e487b659f","contentUrl":"https:\/\/secure.gravatar.com\/avatar\/6d52597e72010063ecb0e759de7f605fe4e861dd38f8a05a9524ff0e487b659f","caption":"Al\u00ed Jos\u00e9 Arreaza"},"description":"Graduado por el IESE y el IE, soy tutor y docente de de Estrategia y Visi\u00f3n Global de Negocio en el MBA de Cerem International Business School. Tambi\u00e9n he formado parte del profesorado docente de EU Business School. He desarrollado diferentes publicaciones y escrito art\u00edculos para distintas revistas del sector. Actualmente adem\u00e1s soy Product Manager de 'Segunda l\u00ednea' o 'L\u00ednea Virtual' de Movistar. Siendo responsable de todas la acciones para su mejora y difusi\u00f3n.","sameAs":["https:\/\/www.linkedin.com\/in\/ali-jose-arreaza-80b82b29\/"],"knowsAbout":["l\u00edneas m\u00f3viles","movistar"],"url":"https:\/\/www.movistar.es\/blog\/author\/alijosearreaza\/"}]}},"jetpack_featured_media_url":"https:\/\/www.movistar.es\/blog\/wp-content\/uploads\/sites\/3\/2023\/02\/Depositphotos_59323759_L.jpg","jetpack_sharing_enabled":true,"_links":{"self":[{"href":"https:\/\/www.movistar.es\/blog\/wp-json\/wp\/v2\/posts\/11206","targetHints":{"allow":["GET"]}}],"collection":[{"href":"https:\/\/www.movistar.es\/blog\/wp-json\/wp\/v2\/posts"}],"about":[{"href":"https:\/\/www.movistar.es\/blog\/wp-json\/wp\/v2\/types\/post"}],"author":[{"embeddable":true,"href":"https:\/\/www.movistar.es\/blog\/wp-json\/wp\/v2\/users\/151"}],"replies":[{"embeddable":true,"href":"https:\/\/www.movistar.es\/blog\/wp-json\/wp\/v2\/comments?post=11206"}],"version-history":[{"count":3,"href":"https:\/\/www.movistar.es\/blog\/wp-json\/wp\/v2\/posts\/11206\/revisions"}],"predecessor-version":[{"id":11541,"href":"https:\/\/www.movistar.es\/blog\/wp-json\/wp\/v2\/posts\/11206\/revisions\/11541"}],"wp:featuredmedia":[{"embeddable":true,"href":"https:\/\/www.movistar.es\/blog\/wp-json\/wp\/v2\/media\/11208"}],"wp:attachment":[{"href":"https:\/\/www.movistar.es\/blog\/wp-json\/wp\/v2\/media?parent=11206"}],"wp:term":[{"taxonomy":"category","embeddable":true,"href":"https:\/\/www.movistar.es\/blog\/wp-json\/wp\/v2\/categories?post=11206"},{"taxonomy":"post_tag","embeddable":true,"href":"https:\/\/www.movistar.es\/blog\/wp-json\/wp\/v2\/tags?post=11206"},{"taxonomy":"area","embeddable":true,"href":"https:\/\/www.movistar.es\/blog\/wp-json\/wp\/v2\/area?post=11206"},{"taxonomy":"cluster","embeddable":true,"href":"https:\/\/www.movistar.es\/blog\/wp-json\/wp\/v2\/cluster?post=11206"},{"taxonomy":"linea_editorial","embeddable":true,"href":"https:\/\/www.movistar.es\/blog\/wp-json\/wp\/v2\/linea_editorial?post=11206"},{"taxonomy":"author","embeddable":true,"href":"https:\/\/www.movistar.es\/blog\/wp-json\/wp\/v2\/coauthors?post=11206"}],"curies":[{"name":"wp","href":"https:\/\/api.w.org\/{rel}","templated":true}]}}