{"id":10428,"date":"2023-01-13T14:16:17","date_gmt":"2023-01-13T13:16:17","guid":{"rendered":"https:\/\/www.movistar.es\/blog\/?p=10428"},"modified":"2023-01-13T14:25:00","modified_gmt":"2023-01-13T13:25:00","slug":"pedro-banos-la-encrucijada-mundial-nuevo-audiolibro","status":"publish","type":"post","link":"https:\/\/www.movistar.es\/blog\/ebooks-audiolibros\/pedro-banos-la-encrucijada-mundial-nuevo-audiolibro\/","title":{"rendered":"&#8216;La encrucijada mundial&#8217;, el audiolibro con las soluciones para el mundo del futuro"},"content":{"rendered":"\n<p>Si en sus anteriores libros Pedro Ba\u00f1os ofrec\u00eda un l\u00facido an\u00e1lisis de las relaciones de poder, esta nueva obra da un paso m\u00e1s. En &#8216;La encrucijada mundial&#8217; describe con detalle las circunstancias dadas en la actualidad y las que padeceremos en el futuro inmediato. Su libro va m\u00e1s all\u00e1 y propone soluciones para todos en este mundo hiperconectado. El lector descubrir\u00e1 con este <a href=\"https:\/\/nextory.movistar.es\/?pid=blogmovistar_ebooksyaudiolibros_10076\" target=\"_blank\" rel=\"noreferrer noopener\">audiolibro o ebook en Movistar Nextory<\/a>, un manual pr\u00e1ctico de gran valor.<\/p>\n\n\n\n<figure class=\"wp-block-image aligncenter size-large\"><img loading=\"lazy\" decoding=\"async\" height=\"1024\" width=\"652\" src=\"https:\/\/www.movistar.es\/blog\/wp-content\/uploads\/sites\/3\/2023\/01\/MicrosoftTeams-image-14.jpg?w=652\" alt=\"Pedro Ba\u00f1os, 'La encrucijada mundial'\" class=\"wp-image-10436\" srcset=\"https:\/\/www.movistar.es\/blog\/wp-content\/uploads\/sites\/3\/2023\/01\/MicrosoftTeams-image-14.jpg 3010w, https:\/\/www.movistar.es\/blog\/wp-content\/uploads\/sites\/3\/2023\/01\/MicrosoftTeams-image-14.jpg?resize=191,300 191w, https:\/\/www.movistar.es\/blog\/wp-content\/uploads\/sites\/3\/2023\/01\/MicrosoftTeams-image-14.jpg?resize=768,1206 768w, https:\/\/www.movistar.es\/blog\/wp-content\/uploads\/sites\/3\/2023\/01\/MicrosoftTeams-image-14.jpg?resize=652,1024 652w, https:\/\/www.movistar.es\/blog\/wp-content\/uploads\/sites\/3\/2023\/01\/MicrosoftTeams-image-14.jpg?resize=978,1536 978w, https:\/\/www.movistar.es\/blog\/wp-content\/uploads\/sites\/3\/2023\/01\/MicrosoftTeams-image-14.jpg?resize=1305,2048 1305w\" sizes=\"auto, (max-width: 652px) 100vw, 652px\" \/><figcaption>Portada del libro &#8216;La encrucijada mundial&#8217;<\/figcaption><\/figure>\n\n\n\n<p>Pedro Ba\u00f1os nos cuenta en &#8216;La encrucijada mundial&#8217; que las f\u00f3rmulas del siglo XX ya no son v\u00e1lidas. Y es que nos encontramos en la era digital de la hiperconexi\u00f3n. Una nueva revoluci\u00f3n y concepto. Una revoluci\u00f3n digital, econ\u00f3mica y social con efectos que apenas somos capaces de ver. Un mundo regido por la inteligencia artificial, con ordenadores cu\u00e1nticos, sorprendentes avances en biotecnolog\u00eda y neurociencia. En definitiva, una sociedad en la que nuestros objetos cotidianos estar\u00e1n conectados a internet.<\/p>\n\n\n\n<blockquote class=\"wp-block-quote is-layout-flow wp-block-quote-is-layout-flow\"><p>Me acusar\u00e1n de revolucionario, y estar\u00e1n en lo cierto<\/p><cite>Pedro Ba\u00f1os<\/cite><\/blockquote>\n\n\n\n<p>Habr\u00e1 empleos novedosos, pero insuficientes. La poblaci\u00f3n, cada vez m\u00e1s envejecida, ocupar\u00e1 ciudades abarrotadas en las que la soledad ser\u00e1 la norma. Todo ello da lugar a una sociedad cada vez m\u00e1s polarizada, mientras sufrimos las consecuencias de un calentamiento global irreversible. Un panorama que tambi\u00e9n incluye los movimientos migratorios masivos. La lucha recrudecida entre las grandes potencias por controlar esta nueva realidad y los escasos recursos naturales. En este audiolibro, Pedro Ba\u00f1os manifiesta que hay que trazar estrategias imaginativas y eficientes que satisfagan las necesidades y aspiraciones de las poblaciones, concretamente de la juventud.<\/p>\n\n\n\n<figure class=\"wp-block-embed aligncenter is-type-video is-provider-youtube wp-block-embed-youtube wp-embed-aspect-16-9 wp-has-aspect-ratio\"><div class=\"wp-block-embed__wrapper\">\n<div class=\"wp-block-embed__wrapper\"><div class=\"ast-oembed-container \" style=\"height: 100%;\"><iframe loading=\"lazy\" title=\"Crea Lectura - \u201cLa encrucijada mundial\u201d Pedro Ba\u00f1os | Editorial Ariel\" width=\"1040\" height=\"585\" src=\"https:\/\/www.youtube.com\/embed\/sgIoVx07fsg?feature=oembed\" frameborder=\"0\" allow=\"accelerometer; autoplay; clipboard-write; encrypted-media; gyroscope; picture-in-picture; web-share\" referrerpolicy=\"strict-origin-when-cross-origin\" allowfullscreen><\/iframe><\/div><\/div>\n<\/div><figcaption>El autor nos presenta &#8216;La encrucijada mundial&#8217;<\/figcaption><\/figure>\n\n\n\n<h2 class=\"wp-block-heading\" id=\"h-sobre-el-autor-pedro-banos\">Sobre el autor: Pedro Ba\u00f1os<\/h2>\n\n\n\n<p><a href=\"http:\/\/www.geoestratego.com\" target=\"_blank\" rel=\"noreferrer noopener\">Pedro Ba\u00f1os<\/a> es coronel de reserva del Ej\u00e9rcito de Tierra y diplomado de Estado Mayor. Durante su actividad militar, ha participado en misiones en Bosnia y Herzegovina, ha sido jefe de Contrainteligencia y Seguridad del Cuerpo de Ej\u00e9rcito Europeo y se ha formado en una docena de pa\u00edses. Adem\u00e1s, es mag\u00edster en Defensa y Seguridad por la Universidad Complutense de Madrid.<\/p>\n\n\n\n<p>El autor es uno de los mayores especialistas en geopol\u00edtica, estrategia, defensa, seguridad, terrorismo, inteligencia y relaciones internacionales de nuestro pa\u00eds. Ha escrito varios libros, todos ellos con el denominador com\u00fan de los problemas geoestrat\u00e9gicos del planeta. Es autor de &#8216;As\u00ed se domina el mundo&#8217;, &#8216;El dominio mundial&#8217; y &#8216;El dominio mental&#8217;.<\/p>\n\n\n\n<p>De ah\u00ed el enorme reto de este libro: el tiempo apremia, los problemas son urgentes y la incertidumbre m\u00e1xima. El ma\u00f1ana ya est\u00e1 aqu\u00ed, y el manual para superar la encrucijada mundial lo tienes en tus manos.<\/p>\n\n\n\n<p><a href=\"https:\/\/nextory.movistar.es\/?pid=blogmovistar_ebooksyaudiolibros_10076\" target=\"_blank\" rel=\"noreferrer noopener\">Ya puedes disfrutar de sus novelas en formato ebook o audiolibro en Movistar Nextory.<\/a><\/p>\n","protected":false},"excerpt":{"rendered":"<p>Si en sus anteriores libros Pedro Ba\u00f1os ofrec\u00eda un l\u00facido an\u00e1lisis de las relaciones de poder, esta nueva obra da un paso m\u00e1s. En &#8216;La encrucijada mundial&#8217; describe con detalle las circunstancias dadas en la [&hellip;]<\/p>\n","protected":false},"author":93,"featured_media":10443,"comment_status":"closed","ping_status":"closed","sticky":false,"template":"","format":"standard","meta":{"site-sidebar-layout":"default","site-content-layout":"","ast-site-content-layout":"","site-content-style":"default","site-sidebar-style":"default","ast-global-header-display":"","ast-banner-title-visibility":"","ast-main-header-display":"","ast-hfb-above-header-display":"","ast-hfb-below-header-display":"","ast-hfb-mobile-header-display":"","site-post-title":"","ast-breadcrumbs-content":"","ast-featured-img":"","footer-sml-layout":"","theme-transparent-header-meta":"","adv-header-id-meta":"","stick-header-meta":"","header-above-stick-meta":"","header-main-stick-meta":"","header-below-stick-meta":"","astra-migrate-meta-layouts":"default","ast-page-background-enabled":"default","ast-page-background-meta":{"desktop":{"background-color":"var(--ast-global-color-4)","background-image":"","background-repeat":"repeat","background-position":"center center","background-size":"auto","background-attachment":"scroll","background-type":"","background-media":"","overlay-type":"","overlay-color":"","overlay-opacity":"","overlay-gradient":""},"tablet":{"background-color":"","background-image":"","background-repeat":"repeat","background-position":"center center","background-size":"auto","background-attachment":"scroll","background-type":"","background-media":"","overlay-type":"","overlay-color":"","overlay-opacity":"","overlay-gradient":""},"mobile":{"background-color":"","background-image":"","background-repeat":"repeat","background-position":"center center","background-size":"auto","background-attachment":"scroll","background-type":"","background-media":"","overlay-type":"","overlay-color":"","overlay-opacity":"","overlay-gradient":""}},"ast-content-background-meta":{"desktop":{"background-color":"var(--ast-global-color-5)","background-image":"","background-repeat":"repeat","background-position":"center center","background-size":"auto","background-attachment":"scroll","background-type":"","background-media":"","overlay-type":"","overlay-color":"","overlay-opacity":"","overlay-gradient":""},"tablet":{"background-color":"var(--ast-global-color-5)","background-image":"","background-repeat":"repeat","background-position":"center center","background-size":"auto","background-attachment":"scroll","background-type":"","background-media":"","overlay-type":"","overlay-color":"","overlay-opacity":"","overlay-gradient":""},"mobile":{"background-color":"var(--ast-global-color-5)","background-image":"","background-repeat":"repeat","background-position":"center center","background-size":"auto","background-attachment":"scroll","background-type":"","background-media":"","overlay-type":"","overlay-color":"","overlay-opacity":"","overlay-gradient":""}},"_jetpack_memberships_contains_paid_content":false,"footnotes":""},"categories":[1],"tags":[],"area":[190],"cluster":[405],"linea_editorial":[],"coauthors":[467],"class_list":["post-10428","post","type-post","status-publish","format-standard","has-post-thumbnail","hentry","category-sin-categoria","area-content-movistar","cluster-ebooks-audiolibros"],"yoast_head":"<!-- This site is optimized with the Yoast SEO Premium plugin v25.5 (Yoast SEO v25.5) - https:\/\/yoast.com\/wordpress\/plugins\/seo\/ -->\n<title>Pedro ba\u00f1os y &#039;La encrucijada mundial&#039;, nuevo audiolibro - Movistar blog<\/title>\n<meta name=\"description\" content=\"Pedro Ba\u00f1os con &#039;La encrucijada mundial&#039;, va m\u00e1s all\u00e1 y propone soluciones para el actual mundo hiperconectado\" \/>\n<meta name=\"robots\" content=\"index, follow, max-snippet:-1, max-image-preview:large, max-video-preview:-1\" \/>\n<link rel=\"canonical\" href=\"https:\/\/www.movistar.es\/blog\/ebooks-audiolibros\/pedro-banos-la-encrucijada-mundial-nuevo-audiolibro\/\" \/>\n<meta property=\"og:locale\" content=\"es_ES\" \/>\n<meta property=\"og:type\" content=\"article\" \/>\n<meta property=\"og:title\" content=\"&#039;La encrucijada mundial&#039;, el audiolibro con las soluciones para el mundo del futuro\" \/>\n<meta property=\"og:description\" content=\"Pedro Ba\u00f1os con &#039;La encrucijada mundial&#039;, va m\u00e1s all\u00e1 y propone soluciones para el actual mundo hiperconectado\" \/>\n<meta property=\"og:url\" content=\"https:\/\/www.movistar.es\/blog\/ebooks-audiolibros\/pedro-banos-la-encrucijada-mundial-nuevo-audiolibro\/\" \/>\n<meta property=\"og:site_name\" content=\"Movistar blog\" \/>\n<meta property=\"article:author\" content=\"movistar.es\/\" \/>\n<meta property=\"article:published_time\" content=\"2023-01-13T13:16:17+00:00\" \/>\n<meta property=\"article:modified_time\" content=\"2023-01-13T13:25:00+00:00\" \/>\n<meta property=\"og:image\" content=\"https:\/\/www.movistar.es\/blog\/wp-content\/uploads\/sites\/3\/2023\/01\/la-encrucijada-mundial.jpg\" \/>\n\t<meta property=\"og:image:width\" content=\"876\" \/>\n\t<meta property=\"og:image:height\" content=\"650\" \/>\n\t<meta property=\"og:image:type\" content=\"image\/jpeg\" \/>\n<meta name=\"author\" content=\"Equipo de Redacci\u00f3n\" \/>\n<meta name=\"twitter:card\" content=\"summary_large_image\" \/>\n<meta name=\"twitter:creator\" content=\"@movistar_es\" \/>\n<meta name=\"twitter:label1\" content=\"Written by\" \/>\n\t<meta name=\"twitter:data1\" content=\"Equipo de Redacci\u00f3n\" \/>\n\t<meta name=\"twitter:label2\" content=\"Est. reading time\" \/>\n\t<meta name=\"twitter:data2\" content=\"3 minutos\" \/>\n<script type=\"application\/ld+json\" class=\"yoast-schema-graph\">{\"@context\":\"https:\/\/schema.org\",\"@graph\":[{\"@type\":\"Article\",\"@id\":\"https:\/\/www.movistar.es\/blog\/ebooks-audiolibros\/pedro-banos-la-encrucijada-mundial-nuevo-audiolibro\/#article\",\"isPartOf\":{\"@id\":\"https:\/\/www.movistar.es\/blog\/ebooks-audiolibros\/pedro-banos-la-encrucijada-mundial-nuevo-audiolibro\/\"},\"author\":{\"name\":\"Equipo de Redacci\u00f3n\",\"@id\":\"https:\/\/www.movistar.es\/blog\/#\/schema\/person\/6184006f5def4638e52e2d0ff98bd55a\"},\"headline\":\"&#8216;La encrucijada mundial&#8217;, el audiolibro con las soluciones para el mundo del futuro\",\"datePublished\":\"2023-01-13T13:16:17+00:00\",\"dateModified\":\"2023-01-13T13:25:00+00:00\",\"mainEntityOfPage\":{\"@id\":\"https:\/\/www.movistar.es\/blog\/ebooks-audiolibros\/pedro-banos-la-encrucijada-mundial-nuevo-audiolibro\/\"},\"wordCount\":498,\"publisher\":{\"@id\":\"https:\/\/www.movistar.es\/blog\/#organization\"},\"image\":{\"@id\":\"https:\/\/www.movistar.es\/blog\/ebooks-audiolibros\/pedro-banos-la-encrucijada-mundial-nuevo-audiolibro\/#primaryimage\"},\"thumbnailUrl\":\"https:\/\/www.movistar.es\/blog\/wp-content\/uploads\/sites\/3\/2023\/01\/la-encrucijada-mundial.jpg\",\"inLanguage\":\"es\"},{\"@type\":\"WebPage\",\"@id\":\"https:\/\/www.movistar.es\/blog\/ebooks-audiolibros\/pedro-banos-la-encrucijada-mundial-nuevo-audiolibro\/\",\"url\":\"https:\/\/www.movistar.es\/blog\/ebooks-audiolibros\/pedro-banos-la-encrucijada-mundial-nuevo-audiolibro\/\",\"name\":\"Pedro ba\u00f1os y 'La encrucijada mundial', nuevo audiolibro - Movistar blog\",\"isPartOf\":{\"@id\":\"https:\/\/www.movistar.es\/blog\/#website\"},\"primaryImageOfPage\":{\"@id\":\"https:\/\/www.movistar.es\/blog\/ebooks-audiolibros\/pedro-banos-la-encrucijada-mundial-nuevo-audiolibro\/#primaryimage\"},\"image\":{\"@id\":\"https:\/\/www.movistar.es\/blog\/ebooks-audiolibros\/pedro-banos-la-encrucijada-mundial-nuevo-audiolibro\/#primaryimage\"},\"thumbnailUrl\":\"https:\/\/www.movistar.es\/blog\/wp-content\/uploads\/sites\/3\/2023\/01\/la-encrucijada-mundial.jpg\",\"datePublished\":\"2023-01-13T13:16:17+00:00\",\"dateModified\":\"2023-01-13T13:25:00+00:00\",\"description\":\"Pedro Ba\u00f1os con 'La encrucijada mundial', va m\u00e1s all\u00e1 y propone soluciones para el actual mundo hiperconectado\",\"breadcrumb\":{\"@id\":\"https:\/\/www.movistar.es\/blog\/ebooks-audiolibros\/pedro-banos-la-encrucijada-mundial-nuevo-audiolibro\/#breadcrumb\"},\"inLanguage\":\"es\",\"potentialAction\":[{\"@type\":\"ReadAction\",\"target\":[\"https:\/\/www.movistar.es\/blog\/ebooks-audiolibros\/pedro-banos-la-encrucijada-mundial-nuevo-audiolibro\/\"]}]},{\"@type\":\"ImageObject\",\"inLanguage\":\"es\",\"@id\":\"https:\/\/www.movistar.es\/blog\/ebooks-audiolibros\/pedro-banos-la-encrucijada-mundial-nuevo-audiolibro\/#primaryimage\",\"url\":\"https:\/\/www.movistar.es\/blog\/wp-content\/uploads\/sites\/3\/2023\/01\/la-encrucijada-mundial.jpg\",\"contentUrl\":\"https:\/\/www.movistar.es\/blog\/wp-content\/uploads\/sites\/3\/2023\/01\/la-encrucijada-mundial.jpg\",\"width\":876,\"height\":650,\"caption\":\"Pedro Ba\u00f1os, portada de 'La encrucijada mundial'\"},{\"@type\":\"BreadcrumbList\",\"@id\":\"https:\/\/www.movistar.es\/blog\/ebooks-audiolibros\/pedro-banos-la-encrucijada-mundial-nuevo-audiolibro\/#breadcrumb\",\"itemListElement\":[{\"@type\":\"ListItem\",\"position\":1,\"name\":\"Home\",\"item\":\"https:\/\/www.movistar.es\/blog\/\"},{\"@type\":\"ListItem\",\"position\":2,\"name\":\"&#8216;La encrucijada mundial&#8217;, el audiolibro con las soluciones para el mundo del futuro\"}]},{\"@type\":\"WebSite\",\"@id\":\"https:\/\/www.movistar.es\/blog\/#website\",\"url\":\"https:\/\/www.movistar.es\/blog\/\",\"name\":\"Movistar blog\",\"description\":\"Movistar Blog. Informaci\u00f3n y m\u00e1s sobre los productos y servicios de Movistar\",\"publisher\":{\"@id\":\"https:\/\/www.movistar.es\/blog\/#organization\"},\"potentialAction\":[{\"@type\":\"SearchAction\",\"target\":{\"@type\":\"EntryPoint\",\"urlTemplate\":\"https:\/\/www.movistar.es\/blog\/?s={search_term_string}\"},\"query-input\":{\"@type\":\"PropertyValueSpecification\",\"valueRequired\":true,\"valueName\":\"search_term_string\"}}],\"inLanguage\":\"es\"},{\"@type\":\"Organization\",\"@id\":\"https:\/\/www.movistar.es\/blog\/#organization\",\"name\":\"Movistar blog\",\"url\":\"https:\/\/www.movistar.es\/blog\/\",\"logo\":{\"@type\":\"ImageObject\",\"inLanguage\":\"es\",\"@id\":\"https:\/\/www.movistar.es\/blog\/#\/schema\/logo\/image\/\",\"url\":\"https:\/\/www.movistar.es\/blog\/wp-content\/uploads\/sites\/3\/2022\/05\/logo_movistar-1.svg\",\"contentUrl\":\"https:\/\/www.movistar.es\/blog\/wp-content\/uploads\/sites\/3\/2022\/05\/logo_movistar-1.svg\",\"width\":369,\"height\":272,\"caption\":\"Movistar blog\"},\"image\":{\"@id\":\"https:\/\/www.movistar.es\/blog\/#\/schema\/logo\/image\/\"}},{\"@type\":\"Person\",\"@id\":\"https:\/\/www.movistar.es\/blog\/#\/schema\/person\/6184006f5def4638e52e2d0ff98bd55a\",\"name\":\"Equipo de Redacci\u00f3n\",\"image\":{\"@type\":\"ImageObject\",\"inLanguage\":\"es\",\"@id\":\"https:\/\/www.movistar.es\/blog\/#\/schema\/person\/image\/8dbf7dc767c23aa5f974d575dda930c5\",\"url\":\"https:\/\/secure.gravatar.com\/avatar\/ce5aadad84c2aeb36c9813c46e41a53b0c9cc1d57205e8cde4bdf0ed790b3c97\",\"contentUrl\":\"https:\/\/secure.gravatar.com\/avatar\/ce5aadad84c2aeb36c9813c46e41a53b0c9cc1d57205e8cde4bdf0ed790b3c97\",\"caption\":\"Equipo de Redacci\u00f3n\"},\"description\":\"Buscamos temas de tu inter\u00e9s. Te contamos c\u00f3mo pueden ayudarte en tu d\u00eda a d\u00eda los productos y servicios de Movistar. No queremos venderte nada. Queremos descubrirte cosas para hacerte la vida m\u00e1s f\u00e1cil.\",\"sameAs\":[\"https:\/\/www.movistar.es\/\",\"movistar.es\/\",\"https:\/\/www.instagram.com\/movistar_es\/?hl=es\",\"https:\/\/x.com\/movistar_es\"],\"knowsAbout\":[\"smartphones\",\"conectividad\",\"hogar digital\",\"ciberseguridad\"],\"url\":\"https:\/\/www.movistar.es\/blog\/author\/contentmovistar\/\"}]}<\/script>\n<!-- \/ Yoast SEO Premium plugin. -->","yoast_head_json":{"title":"Pedro ba\u00f1os y 'La encrucijada mundial', nuevo audiolibro - Movistar blog","description":"Pedro Ba\u00f1os con 'La encrucijada mundial', va m\u00e1s all\u00e1 y propone soluciones para el actual mundo hiperconectado","robots":{"index":"index","follow":"follow","max-snippet":"max-snippet:-1","max-image-preview":"max-image-preview:large","max-video-preview":"max-video-preview:-1"},"canonical":"https:\/\/www.movistar.es\/blog\/ebooks-audiolibros\/pedro-banos-la-encrucijada-mundial-nuevo-audiolibro\/","og_locale":"es_ES","og_type":"article","og_title":"'La encrucijada mundial', el audiolibro con las soluciones para el mundo del futuro","og_description":"Pedro Ba\u00f1os con 'La encrucijada mundial', va m\u00e1s all\u00e1 y propone soluciones para el actual mundo hiperconectado","og_url":"https:\/\/www.movistar.es\/blog\/ebooks-audiolibros\/pedro-banos-la-encrucijada-mundial-nuevo-audiolibro\/","og_site_name":"Movistar blog","article_author":"movistar.es\/","article_published_time":"2023-01-13T13:16:17+00:00","article_modified_time":"2023-01-13T13:25:00+00:00","og_image":[{"width":876,"height":650,"url":"https:\/\/www.movistar.es\/blog\/wp-content\/uploads\/sites\/3\/2023\/01\/la-encrucijada-mundial.jpg","type":"image\/jpeg"}],"author":"Equipo de Redacci\u00f3n","twitter_card":"summary_large_image","twitter_creator":"@movistar_es","twitter_misc":{"Written by":"Equipo de Redacci\u00f3n","Est. reading time":"3 minutos"},"schema":{"@context":"https:\/\/schema.org","@graph":[{"@type":"Article","@id":"https:\/\/www.movistar.es\/blog\/ebooks-audiolibros\/pedro-banos-la-encrucijada-mundial-nuevo-audiolibro\/#article","isPartOf":{"@id":"https:\/\/www.movistar.es\/blog\/ebooks-audiolibros\/pedro-banos-la-encrucijada-mundial-nuevo-audiolibro\/"},"author":{"name":"Equipo de Redacci\u00f3n","@id":"https:\/\/www.movistar.es\/blog\/#\/schema\/person\/6184006f5def4638e52e2d0ff98bd55a"},"headline":"&#8216;La encrucijada mundial&#8217;, el audiolibro con las soluciones para el mundo del futuro","datePublished":"2023-01-13T13:16:17+00:00","dateModified":"2023-01-13T13:25:00+00:00","mainEntityOfPage":{"@id":"https:\/\/www.movistar.es\/blog\/ebooks-audiolibros\/pedro-banos-la-encrucijada-mundial-nuevo-audiolibro\/"},"wordCount":498,"publisher":{"@id":"https:\/\/www.movistar.es\/blog\/#organization"},"image":{"@id":"https:\/\/www.movistar.es\/blog\/ebooks-audiolibros\/pedro-banos-la-encrucijada-mundial-nuevo-audiolibro\/#primaryimage"},"thumbnailUrl":"https:\/\/www.movistar.es\/blog\/wp-content\/uploads\/sites\/3\/2023\/01\/la-encrucijada-mundial.jpg","inLanguage":"es"},{"@type":"WebPage","@id":"https:\/\/www.movistar.es\/blog\/ebooks-audiolibros\/pedro-banos-la-encrucijada-mundial-nuevo-audiolibro\/","url":"https:\/\/www.movistar.es\/blog\/ebooks-audiolibros\/pedro-banos-la-encrucijada-mundial-nuevo-audiolibro\/","name":"Pedro ba\u00f1os y 'La encrucijada mundial', nuevo audiolibro - Movistar blog","isPartOf":{"@id":"https:\/\/www.movistar.es\/blog\/#website"},"primaryImageOfPage":{"@id":"https:\/\/www.movistar.es\/blog\/ebooks-audiolibros\/pedro-banos-la-encrucijada-mundial-nuevo-audiolibro\/#primaryimage"},"image":{"@id":"https:\/\/www.movistar.es\/blog\/ebooks-audiolibros\/pedro-banos-la-encrucijada-mundial-nuevo-audiolibro\/#primaryimage"},"thumbnailUrl":"https:\/\/www.movistar.es\/blog\/wp-content\/uploads\/sites\/3\/2023\/01\/la-encrucijada-mundial.jpg","datePublished":"2023-01-13T13:16:17+00:00","dateModified":"2023-01-13T13:25:00+00:00","description":"Pedro Ba\u00f1os con 'La encrucijada mundial', va m\u00e1s all\u00e1 y propone soluciones para el actual mundo hiperconectado","breadcrumb":{"@id":"https:\/\/www.movistar.es\/blog\/ebooks-audiolibros\/pedro-banos-la-encrucijada-mundial-nuevo-audiolibro\/#breadcrumb"},"inLanguage":"es","potentialAction":[{"@type":"ReadAction","target":["https:\/\/www.movistar.es\/blog\/ebooks-audiolibros\/pedro-banos-la-encrucijada-mundial-nuevo-audiolibro\/"]}]},{"@type":"ImageObject","inLanguage":"es","@id":"https:\/\/www.movistar.es\/blog\/ebooks-audiolibros\/pedro-banos-la-encrucijada-mundial-nuevo-audiolibro\/#primaryimage","url":"https:\/\/www.movistar.es\/blog\/wp-content\/uploads\/sites\/3\/2023\/01\/la-encrucijada-mundial.jpg","contentUrl":"https:\/\/www.movistar.es\/blog\/wp-content\/uploads\/sites\/3\/2023\/01\/la-encrucijada-mundial.jpg","width":876,"height":650,"caption":"Pedro Ba\u00f1os, portada de 'La encrucijada mundial'"},{"@type":"BreadcrumbList","@id":"https:\/\/www.movistar.es\/blog\/ebooks-audiolibros\/pedro-banos-la-encrucijada-mundial-nuevo-audiolibro\/#breadcrumb","itemListElement":[{"@type":"ListItem","position":1,"name":"Home","item":"https:\/\/www.movistar.es\/blog\/"},{"@type":"ListItem","position":2,"name":"&#8216;La encrucijada mundial&#8217;, el audiolibro con las soluciones para el mundo del futuro"}]},{"@type":"WebSite","@id":"https:\/\/www.movistar.es\/blog\/#website","url":"https:\/\/www.movistar.es\/blog\/","name":"Movistar blog","description":"Movistar Blog. Informaci\u00f3n y m\u00e1s sobre los productos y servicios de Movistar","publisher":{"@id":"https:\/\/www.movistar.es\/blog\/#organization"},"potentialAction":[{"@type":"SearchAction","target":{"@type":"EntryPoint","urlTemplate":"https:\/\/www.movistar.es\/blog\/?s={search_term_string}"},"query-input":{"@type":"PropertyValueSpecification","valueRequired":true,"valueName":"search_term_string"}}],"inLanguage":"es"},{"@type":"Organization","@id":"https:\/\/www.movistar.es\/blog\/#organization","name":"Movistar blog","url":"https:\/\/www.movistar.es\/blog\/","logo":{"@type":"ImageObject","inLanguage":"es","@id":"https:\/\/www.movistar.es\/blog\/#\/schema\/logo\/image\/","url":"https:\/\/www.movistar.es\/blog\/wp-content\/uploads\/sites\/3\/2022\/05\/logo_movistar-1.svg","contentUrl":"https:\/\/www.movistar.es\/blog\/wp-content\/uploads\/sites\/3\/2022\/05\/logo_movistar-1.svg","width":369,"height":272,"caption":"Movistar blog"},"image":{"@id":"https:\/\/www.movistar.es\/blog\/#\/schema\/logo\/image\/"}},{"@type":"Person","@id":"https:\/\/www.movistar.es\/blog\/#\/schema\/person\/6184006f5def4638e52e2d0ff98bd55a","name":"Equipo de Redacci\u00f3n","image":{"@type":"ImageObject","inLanguage":"es","@id":"https:\/\/www.movistar.es\/blog\/#\/schema\/person\/image\/8dbf7dc767c23aa5f974d575dda930c5","url":"https:\/\/secure.gravatar.com\/avatar\/ce5aadad84c2aeb36c9813c46e41a53b0c9cc1d57205e8cde4bdf0ed790b3c97","contentUrl":"https:\/\/secure.gravatar.com\/avatar\/ce5aadad84c2aeb36c9813c46e41a53b0c9cc1d57205e8cde4bdf0ed790b3c97","caption":"Equipo de Redacci\u00f3n"},"description":"Buscamos temas de tu inter\u00e9s. Te contamos c\u00f3mo pueden ayudarte en tu d\u00eda a d\u00eda los productos y servicios de Movistar. No queremos venderte nada. Queremos descubrirte cosas para hacerte la vida m\u00e1s f\u00e1cil.","sameAs":["https:\/\/www.movistar.es\/","movistar.es\/","https:\/\/www.instagram.com\/movistar_es\/?hl=es","https:\/\/x.com\/movistar_es"],"knowsAbout":["smartphones","conectividad","hogar digital","ciberseguridad"],"url":"https:\/\/www.movistar.es\/blog\/author\/contentmovistar\/"}]}},"jetpack_featured_media_url":"https:\/\/www.movistar.es\/blog\/wp-content\/uploads\/sites\/3\/2023\/01\/la-encrucijada-mundial.jpg","jetpack_sharing_enabled":true,"_links":{"self":[{"href":"https:\/\/www.movistar.es\/blog\/wp-json\/wp\/v2\/posts\/10428","targetHints":{"allow":["GET"]}}],"collection":[{"href":"https:\/\/www.movistar.es\/blog\/wp-json\/wp\/v2\/posts"}],"about":[{"href":"https:\/\/www.movistar.es\/blog\/wp-json\/wp\/v2\/types\/post"}],"author":[{"embeddable":true,"href":"https:\/\/www.movistar.es\/blog\/wp-json\/wp\/v2\/users\/93"}],"replies":[{"embeddable":true,"href":"https:\/\/www.movistar.es\/blog\/wp-json\/wp\/v2\/comments?post=10428"}],"version-history":[{"count":5,"href":"https:\/\/www.movistar.es\/blog\/wp-json\/wp\/v2\/posts\/10428\/revisions"}],"predecessor-version":[{"id":10442,"href":"https:\/\/www.movistar.es\/blog\/wp-json\/wp\/v2\/posts\/10428\/revisions\/10442"}],"wp:featuredmedia":[{"embeddable":true,"href":"https:\/\/www.movistar.es\/blog\/wp-json\/wp\/v2\/media\/10443"}],"wp:attachment":[{"href":"https:\/\/www.movistar.es\/blog\/wp-json\/wp\/v2\/media?parent=10428"}],"wp:term":[{"taxonomy":"category","embeddable":true,"href":"https:\/\/www.movistar.es\/blog\/wp-json\/wp\/v2\/categories?post=10428"},{"taxonomy":"post_tag","embeddable":true,"href":"https:\/\/www.movistar.es\/blog\/wp-json\/wp\/v2\/tags?post=10428"},{"taxonomy":"area","embeddable":true,"href":"https:\/\/www.movistar.es\/blog\/wp-json\/wp\/v2\/area?post=10428"},{"taxonomy":"cluster","embeddable":true,"href":"https:\/\/www.movistar.es\/blog\/wp-json\/wp\/v2\/cluster?post=10428"},{"taxonomy":"linea_editorial","embeddable":true,"href":"https:\/\/www.movistar.es\/blog\/wp-json\/wp\/v2\/linea_editorial?post=10428"},{"taxonomy":"author","embeddable":true,"href":"https:\/\/www.movistar.es\/blog\/wp-json\/wp\/v2\/coauthors?post=10428"}],"curies":[{"name":"wp","href":"https:\/\/api.w.org\/{rel}","templated":true}]}}