{"id":10332,"date":"2023-01-16T10:16:00","date_gmt":"2023-01-16T09:16:00","guid":{"rendered":"https:\/\/www.movistar.es\/blog\/?p=10332"},"modified":"2023-01-18T12:52:55","modified_gmt":"2023-01-18T11:52:55","slug":"sostenibilidad-movistar","status":"publish","type":"post","link":"https:\/\/www.movistar.es\/blog\/mi-movistar\/sostenibilidad-movistar\/","title":{"rendered":"La sostenibilidad, asunto prioritario para Movistar"},"content":{"rendered":"\n<p>La protecci\u00f3n del medioambiente se ha convertido, en las \u00faltimas d\u00e9cadas, en un asunto prioritario para la sociedad, incluyendo a empresas como Movistar. Adem\u00e1s, vivimos un patente aumento en la toma de conciencia de consumidores, inversores y empleados hacia el cuidado del planeta y la necesidad de realizar las actividades de forma sostenible.<\/p>\n\n\n\n<p>Desde hace casi dos d\u00e9cadas, estamos comprometidos con la sostenibilidad haciendo girar todas nuestras&nbsp;acciones sobre los principios del <a href=\"https:\/\/www.pactomundial.org\/que-puedes-hacer-tu\/ods\/\" target=\"_blank\" rel=\"noreferrer noopener nofollow\">Pacto Global y los Objetivos de Desarrollo Sostenible (ODS)<\/a> fijados por la ONU.<\/p>\n\n\n\n<p>En Movistar trabajamos para que nuestro impacto sobre el entorno sea m\u00ednimo y apostamos por desvincular el crecimiento del negocio de nuestra huella ambiental. De hecho, nos hemos propuesto como objetivo alcanzar cero emisiones netas en 2040 en toda la cadena de valor, con el objetivo intermedio de neutralizar nuestras emisiones de alcance 1 y 2 en 2025.<\/p>\n\n\n\n<p>Por otra parte, desde Movistar apostamos por aprovechar las capacidades de la conectividad y la digitalizaci\u00f3n. De esta forma aportamos valor a nuestros clientes y les ayudamos a afrontar grandes retos ambientales. Algunos de ellos son el cambio clim\u00e1tico, la econom\u00eda circular, la gesti\u00f3n del agua o la biodiversidad.<\/p>\n\n\n\n<p>Nuestros objetivos medioambientales son compatibles con la expansi\u00f3n de la red y la calidad del servicio y nos ayudan a ser m\u00e1s competitivos. Nuestras metas est\u00e1n validadas por la iniciativa <a href=\"https:\/\/sciencebasedtargets.org\/\" target=\"_blank\" rel=\"noreferrer noopener nofollow\">Science Based Targets (SBTi)<\/a> y van m\u00e1s all\u00e1 del Acuerdo de Par\u00eds. De hecho, por octavo a\u00f1o consecutivo, Telef\u00f3nica se ha consolidado como empresa l\u00edder contra el cambio clim\u00e1tico en el ranking mundial elaborado por <a href=\"https:\/\/www.cdp.net\/en\" target=\"_blank\" rel=\"noreferrer noopener nofollow\">Carbon Disclosure Project (CDP)<\/a>, organizaci\u00f3n sin \u00e1nimo de lucro especializada en impacto ambiental.<\/p>\n\n\n\n<h2 class=\"wp-block-heading\" class=\"wp-block-heading\" id=\"la-sostenibilidad-valor-para-los-clientes\">La sostenibilidad, valor para los clientes <\/h2>\n\n\n\n<p>Ayudar a descarbonizar la econom\u00eda es algo que no podemos hacer solos. Por ello Movistar ofrece soluciones y servicios digitales que contribuyen a aumentar la eficiencia energ\u00e9tica y sostenibilidad de sus clientes.&nbsp;Un ejemplo de ello es la fibra y la tecnolog\u00eda 5G.<\/p>\n\n\n\n<p>Ponemos a disposici\u00f3n de nuestros clientes productos que reducen su consumo de energ\u00eda. Un ejemplo ser\u00eda el nuevo HGU que ofrece una mayor eficiencia energ\u00e9tica ya que gracias a su avanzada tecnolog\u00eda los dispositivos conectados a la red WiFi 6 gastar\u00e1n menos bater\u00eda y energ\u00eda.<\/p>\n\n\n\n<p>Tambi\u00e9n ayudamos a disminuir sus emisiones de CO<sub>2<\/sub> gracias al uso de nuestras soluciones. Ah\u00ed es donde entra Movistar Salud, nuestro servicio de <a href=\"https:\/\/www.movistar.es\/blog\/telemedicina\/\" target=\"_blank\" rel=\"noreferrer noopener\">telemedicina<\/a> que permite estar siempre conectado con un m\u00e9dico est\u00e9s donde est\u00e9s sin necesidad de desplazamientos.<\/p>\n\n\n\n<figure class=\"wp-block-image size-large\"><img loading=\"lazy\" decoding=\"async\" height=\"494\" width=\"1024\" src=\"https:\/\/www.movistar.es\/blog\/wp-content\/uploads\/sites\/3\/2023\/01\/image002.png?w=1024\" alt=\"sostenibilidad movistar\" class=\"wp-image-10432\" srcset=\"https:\/\/www.movistar.es\/blog\/wp-content\/uploads\/sites\/3\/2023\/01\/image002.png 1293w, https:\/\/www.movistar.es\/blog\/wp-content\/uploads\/sites\/3\/2023\/01\/image002.png?resize=300,145 300w, https:\/\/www.movistar.es\/blog\/wp-content\/uploads\/sites\/3\/2023\/01\/image002.png?resize=768,371 768w, https:\/\/www.movistar.es\/blog\/wp-content\/uploads\/sites\/3\/2023\/01\/image002.png?resize=1024,494 1024w\" sizes=\"auto, (max-width: 1024px) 100vw, 1024px\" \/><\/figure>\n\n\n\n<p>Adem\u00e1s, el grupo Telef\u00f3nica se ha marcado como objetivo alcanzar Cero Residuos de Red en 2025 mediante la reparaci\u00f3n, la reutilizaci\u00f3n y el reciclaje, aline\u00e1ndose as\u00ed con la&nbsp;<a href=\"https:\/\/www.gsma.com\/betterfuture\/resources\/strategy-paper-for-circular-economy-network-equipment?ID=a6g1r000000qf3zAAA&amp;JobID=1055149&amp;utm_source=sfmc&amp;utm_medium=email&amp;utm_campaign=REGEU_2022_03_04_Newsletter_MWC22&amp;utm_content=https%3a%2f%2fwww.gsma.com%2fbetterfuture%2fresources%2fstrategy-paper-for-circular-economy-network-equipment\" target=\"_blank\" rel=\"noreferrer noopener\">estrategia de econom\u00eda circular para equipos de red<\/a>&nbsp;de la&nbsp;<a href=\"https:\/\/www.gsma.com\/betterfuture\/resources\/strategy-paper-for-circular-economy-network-equipment?ID=a6g1r000000qf3zAAA&amp;JobID=1055149&amp;utm_source=sfmc&amp;utm_medium=email&amp;utm_campaign=REGEU_2022_03_04_Newsletter_MWC22&amp;utm_content=https%3a%2f%2fwww.gsma.com%2fbetterfuture%2fresources%2fstrategy-paper-for-circular-economy-network-equipment\" target=\"_blank\" rel=\"noreferrer noopener\">GSMA | Strategy Paper for Circular Economy: Network Equipment &#8211; #BetterFuture<\/a>.&nbsp;De esta forma se garantiza que los residuos no se incineren o terminen en un vertedero, sino que se transformen en materias primas que son reintroducidas en la cadena de valor.<\/p>\n\n\n\n<p>En l\u00ednea con nuestro Plan de Econom\u00eda Circular interno, fomentamos la reutilizaci\u00f3n y reciclaje de nuestros clientes. Por ello, contamos con un programa de reciclaje de dispositivos, <a href=\"https:\/\/www.movistar.es\/blog\/mi-movistar\/el-buyback-de-movistar-y-las-5-erres\/\" target=\"_blank\" rel=\"noreferrer noopener\">Buyback<\/a>, d\u00f3nde compramos los dispositivos usados de los clientes con el objetivo de darles una segunda vida.<\/p>\n\n\n\n<h2 class=\"wp-block-heading\" id=\"h-la-sostenibilidad-como-motor-del-cambio-social\">La sostenibilidad como motor del cambio social<\/h2>\n\n\n\n<p>En t\u00e9rminos sociales, Movistar est\u00e1 contribuyendo al desarrollo sostenible impulsando la digitalizaci\u00f3n y la conectividad inclusiva. El objetivo de esta iniciativa es acercar la tecnolog\u00eda a todas las personas. Que nadie se quede atr\u00e1s y que puedan beneficiarse de las oportunidades que ofrece. As\u00ed construiremos sociedades m\u00e1s justas, pr\u00f3speras y sostenibles.<\/p>\n\n\n\n<p>Pero ofrecer conectividad para todos no es suficiente para Movistar. Por ello, y bajo el compromiso de acercar las grandes oportunidades que trae consigo la revoluci\u00f3n tecnol\u00f3gica a la mayor\u00eda de las personas, promovemos y llevamos a cabo diferentes programas solidarios.<\/p>\n\n\n\n<figure class=\"wp-block-image size-full\"><img loading=\"lazy\" decoding=\"async\" width=\"933\" height=\"604\" src=\"https:\/\/www.movistar.es\/blog\/wp-content\/uploads\/sites\/3\/2023\/01\/image003.png\" alt=\"sostenibilidad movistar\" class=\"wp-image-10433\" srcset=\"https:\/\/www.movistar.es\/blog\/wp-content\/uploads\/sites\/3\/2023\/01\/image003.png 933w, https:\/\/www.movistar.es\/blog\/wp-content\/uploads\/sites\/3\/2023\/01\/image003.png?resize=300,194 300w, https:\/\/www.movistar.es\/blog\/wp-content\/uploads\/sites\/3\/2023\/01\/image003.png?resize=768,497 768w\" sizes=\"auto, (max-width: 933px) 100vw, 933px\" \/><\/figure>\n\n\n\n<p>Por \u00faltimo, Movistar lleva a\u00f1os alineando la sostenibilidad ambiental y social con la financiera. Esto le ha llevado a ser un gran emisor sostenible del sector de telecomunicaciones en el mercado de bonos. Tanto en volumen como en n\u00famero y en diversificaci\u00f3n de emisiones. En estos momentos, trabajamos para ampliar nuestro modelo de financiaci\u00f3n bajo criterios ESG con el objetivo de superar los 10.000 millones de euros en los pr\u00f3ximos a\u00f1os.<\/p>\n\n\n\n<p>En definitiva, a las empresas ya no nos basta con una gesti\u00f3n responsable y un desempe\u00f1o excelente. Para Movistar, la sostenibilidad es aportar valor a los clientes. Acelerar la recuperaci\u00f3n econ\u00f3mica y social de Espa\u00f1a logrando que esta sea m\u00e1s justa. Adem\u00e1s de m\u00e1s verde y pr\u00f3spera para todos.<\/p>\n","protected":false},"excerpt":{"rendered":"<p>La protecci\u00f3n del medioambiente se ha convertido, en las \u00faltimas d\u00e9cadas, en un asunto prioritario para la sociedad, incluyendo a empresas como Movistar. Adem\u00e1s, vivimos un patente aumento en la toma de conciencia de consumidores, [&hellip;]<\/p>\n","protected":false},"author":135,"featured_media":10430,"comment_status":"closed","ping_status":"closed","sticky":false,"template":"","format":"standard","meta":{"site-sidebar-layout":"default","site-content-layout":"","ast-site-content-layout":"","site-content-style":"default","site-sidebar-style":"default","ast-global-header-display":"","ast-banner-title-visibility":"","ast-main-header-display":"","ast-hfb-above-header-display":"","ast-hfb-below-header-display":"","ast-hfb-mobile-header-display":"","site-post-title":"","ast-breadcrumbs-content":"","ast-featured-img":"","footer-sml-layout":"","theme-transparent-header-meta":"","adv-header-id-meta":"","stick-header-meta":"","header-above-stick-meta":"","header-main-stick-meta":"","header-below-stick-meta":"","astra-migrate-meta-layouts":"default","ast-page-background-enabled":"default","ast-page-background-meta":{"desktop":{"background-color":"var(--ast-global-color-4)","background-image":"","background-repeat":"repeat","background-position":"center center","background-size":"auto","background-attachment":"scroll","background-type":"","background-media":"","overlay-type":"","overlay-color":"","overlay-opacity":"","overlay-gradient":""},"tablet":{"background-color":"","background-image":"","background-repeat":"repeat","background-position":"center center","background-size":"auto","background-attachment":"scroll","background-type":"","background-media":"","overlay-type":"","overlay-color":"","overlay-opacity":"","overlay-gradient":""},"mobile":{"background-color":"","background-image":"","background-repeat":"repeat","background-position":"center center","background-size":"auto","background-attachment":"scroll","background-type":"","background-media":"","overlay-type":"","overlay-color":"","overlay-opacity":"","overlay-gradient":""}},"ast-content-background-meta":{"desktop":{"background-color":"var(--ast-global-color-5)","background-image":"","background-repeat":"repeat","background-position":"center center","background-size":"auto","background-attachment":"scroll","background-type":"","background-media":"","overlay-type":"","overlay-color":"","overlay-opacity":"","overlay-gradient":""},"tablet":{"background-color":"var(--ast-global-color-5)","background-image":"","background-repeat":"repeat","background-position":"center center","background-size":"auto","background-attachment":"scroll","background-type":"","background-media":"","overlay-type":"","overlay-color":"","overlay-opacity":"","overlay-gradient":""},"mobile":{"background-color":"var(--ast-global-color-5)","background-image":"","background-repeat":"repeat","background-position":"center center","background-size":"auto","background-attachment":"scroll","background-type":"","background-media":"","overlay-type":"","overlay-color":"","overlay-opacity":"","overlay-gradient":""}},"_jetpack_memberships_contains_paid_content":false,"footnotes":""},"categories":[1],"tags":[],"area":[427],"cluster":[345],"linea_editorial":[],"coauthors":[535],"class_list":["post-10332","post","type-post","status-publish","format-standard","has-post-thumbnail","hentry","category-sin-categoria","area-gametv","cluster-mi-movistar"],"yoast_head":"<!-- This site is optimized with the Yoast SEO Premium plugin v25.5 (Yoast SEO v25.5) - https:\/\/yoast.com\/wordpress\/plugins\/seo\/ -->\n<title>La sostenibilidad, asunto prioritario para Movistar<\/title>\n<meta name=\"description\" content=\"La sostenibilidad es un asunto prioritario para Movistar. Repasamos las claves y nuestras principales l\u00edneas de actuaci\u00f3n.\" \/>\n<meta name=\"robots\" content=\"index, follow, max-snippet:-1, max-image-preview:large, max-video-preview:-1\" \/>\n<link rel=\"canonical\" href=\"https:\/\/www.movistar.es\/blog\/mi-movistar\/sostenibilidad-movistar\/\" \/>\n<meta property=\"og:locale\" content=\"es_ES\" \/>\n<meta property=\"og:type\" content=\"article\" \/>\n<meta property=\"og:title\" content=\"La sostenibilidad, asunto prioritario para Movistar\" \/>\n<meta property=\"og:description\" content=\"La sostenibilidad es un asunto prioritario para Movistar. Repasamos las claves y nuestras principales l\u00edneas de actuaci\u00f3n.\" \/>\n<meta property=\"og:url\" content=\"https:\/\/www.movistar.es\/blog\/mi-movistar\/sostenibilidad-movistar\/\" \/>\n<meta property=\"og:site_name\" content=\"Movistar blog\" \/>\n<meta property=\"article:published_time\" content=\"2023-01-16T09:16:00+00:00\" \/>\n<meta property=\"article:modified_time\" content=\"2023-01-18T11:52:55+00:00\" \/>\n<meta property=\"og:image\" content=\"https:\/\/www.movistar.es\/blog\/wp-content\/uploads\/sites\/3\/2000\/08\/image001.png\" \/>\n\t<meta property=\"og:image:width\" content=\"1020\" \/>\n\t<meta property=\"og:image:height\" content=\"561\" \/>\n\t<meta property=\"og:image:type\" content=\"image\/png\" \/>\n<meta name=\"author\" content=\"Fuensanta L\u00f3pez Guill\u00e9n\" \/>\n<meta name=\"twitter:card\" content=\"summary_large_image\" \/>\n<meta name=\"twitter:label1\" content=\"Written by\" \/>\n\t<meta name=\"twitter:data1\" content=\"Fuensanta L\u00f3pez Guill\u00e9n\" \/>\n\t<meta name=\"twitter:label2\" content=\"Est. reading time\" \/>\n\t<meta name=\"twitter:data2\" content=\"4 minutos\" \/>\n<script type=\"application\/ld+json\" class=\"yoast-schema-graph\">{\"@context\":\"https:\/\/schema.org\",\"@graph\":[{\"@type\":\"Article\",\"@id\":\"https:\/\/www.movistar.es\/blog\/mi-movistar\/sostenibilidad-movistar\/#article\",\"isPartOf\":{\"@id\":\"https:\/\/www.movistar.es\/blog\/mi-movistar\/sostenibilidad-movistar\/\"},\"author\":{\"name\":\"Fuensanta L\u00f3pez Guill\u00e9n\",\"@id\":\"https:\/\/www.movistar.es\/blog\/#\/schema\/person\/a2973462d97ddfac74f1a0c4b1db0f09\"},\"headline\":\"La sostenibilidad, asunto prioritario para Movistar\",\"datePublished\":\"2023-01-16T09:16:00+00:00\",\"dateModified\":\"2023-01-18T11:52:55+00:00\",\"mainEntityOfPage\":{\"@id\":\"https:\/\/www.movistar.es\/blog\/mi-movistar\/sostenibilidad-movistar\/\"},\"wordCount\":818,\"publisher\":{\"@id\":\"https:\/\/www.movistar.es\/blog\/#organization\"},\"image\":{\"@id\":\"https:\/\/www.movistar.es\/blog\/mi-movistar\/sostenibilidad-movistar\/#primaryimage\"},\"thumbnailUrl\":\"https:\/\/www.movistar.es\/blog\/wp-content\/uploads\/sites\/3\/2000\/08\/image001.png\",\"inLanguage\":\"es\"},{\"@type\":\"WebPage\",\"@id\":\"https:\/\/www.movistar.es\/blog\/mi-movistar\/sostenibilidad-movistar\/\",\"url\":\"https:\/\/www.movistar.es\/blog\/mi-movistar\/sostenibilidad-movistar\/\",\"name\":\"La sostenibilidad, asunto prioritario para Movistar\",\"isPartOf\":{\"@id\":\"https:\/\/www.movistar.es\/blog\/#website\"},\"primaryImageOfPage\":{\"@id\":\"https:\/\/www.movistar.es\/blog\/mi-movistar\/sostenibilidad-movistar\/#primaryimage\"},\"image\":{\"@id\":\"https:\/\/www.movistar.es\/blog\/mi-movistar\/sostenibilidad-movistar\/#primaryimage\"},\"thumbnailUrl\":\"https:\/\/www.movistar.es\/blog\/wp-content\/uploads\/sites\/3\/2000\/08\/image001.png\",\"datePublished\":\"2023-01-16T09:16:00+00:00\",\"dateModified\":\"2023-01-18T11:52:55+00:00\",\"description\":\"La sostenibilidad es un asunto prioritario para Movistar. Repasamos las claves y nuestras principales l\u00edneas de actuaci\u00f3n.\",\"breadcrumb\":{\"@id\":\"https:\/\/www.movistar.es\/blog\/mi-movistar\/sostenibilidad-movistar\/#breadcrumb\"},\"inLanguage\":\"es\",\"potentialAction\":[{\"@type\":\"ReadAction\",\"target\":[\"https:\/\/www.movistar.es\/blog\/mi-movistar\/sostenibilidad-movistar\/\"]}]},{\"@type\":\"ImageObject\",\"inLanguage\":\"es\",\"@id\":\"https:\/\/www.movistar.es\/blog\/mi-movistar\/sostenibilidad-movistar\/#primaryimage\",\"url\":\"https:\/\/www.movistar.es\/blog\/wp-content\/uploads\/sites\/3\/2000\/08\/image001.png\",\"contentUrl\":\"https:\/\/www.movistar.es\/blog\/wp-content\/uploads\/sites\/3\/2000\/08\/image001.png\",\"width\":1020,\"height\":561,\"caption\":\"sostenibilidad movistar\"},{\"@type\":\"BreadcrumbList\",\"@id\":\"https:\/\/www.movistar.es\/blog\/mi-movistar\/sostenibilidad-movistar\/#breadcrumb\",\"itemListElement\":[{\"@type\":\"ListItem\",\"position\":1,\"name\":\"Home\",\"item\":\"https:\/\/www.movistar.es\/blog\/\"},{\"@type\":\"ListItem\",\"position\":2,\"name\":\"La sostenibilidad, asunto prioritario para Movistar\"}]},{\"@type\":\"WebSite\",\"@id\":\"https:\/\/www.movistar.es\/blog\/#website\",\"url\":\"https:\/\/www.movistar.es\/blog\/\",\"name\":\"Movistar blog\",\"description\":\"Movistar Blog. Informaci\u00f3n y m\u00e1s sobre los productos y servicios de Movistar\",\"publisher\":{\"@id\":\"https:\/\/www.movistar.es\/blog\/#organization\"},\"potentialAction\":[{\"@type\":\"SearchAction\",\"target\":{\"@type\":\"EntryPoint\",\"urlTemplate\":\"https:\/\/www.movistar.es\/blog\/?s={search_term_string}\"},\"query-input\":{\"@type\":\"PropertyValueSpecification\",\"valueRequired\":true,\"valueName\":\"search_term_string\"}}],\"inLanguage\":\"es\"},{\"@type\":\"Organization\",\"@id\":\"https:\/\/www.movistar.es\/blog\/#organization\",\"name\":\"Movistar blog\",\"url\":\"https:\/\/www.movistar.es\/blog\/\",\"logo\":{\"@type\":\"ImageObject\",\"inLanguage\":\"es\",\"@id\":\"https:\/\/www.movistar.es\/blog\/#\/schema\/logo\/image\/\",\"url\":\"https:\/\/www.movistar.es\/blog\/wp-content\/uploads\/sites\/3\/2022\/05\/logo_movistar-1.svg\",\"contentUrl\":\"https:\/\/www.movistar.es\/blog\/wp-content\/uploads\/sites\/3\/2022\/05\/logo_movistar-1.svg\",\"width\":369,\"height\":272,\"caption\":\"Movistar blog\"},\"image\":{\"@id\":\"https:\/\/www.movistar.es\/blog\/#\/schema\/logo\/image\/\"}},{\"@type\":\"Person\",\"@id\":\"https:\/\/www.movistar.es\/blog\/#\/schema\/person\/a2973462d97ddfac74f1a0c4b1db0f09\",\"name\":\"Fuensanta L\u00f3pez Guill\u00e9n\",\"image\":{\"@type\":\"ImageObject\",\"inLanguage\":\"es\",\"@id\":\"https:\/\/www.movistar.es\/blog\/#\/schema\/person\/image\/3a10cc82e049cc94cbf5ce7cbe6ca4e3\",\"url\":\"https:\/\/secure.gravatar.com\/avatar\/f8ed65a216e85c21a48891af07f7939f9e5fe16861353ba8880559613af27467\",\"contentUrl\":\"https:\/\/secure.gravatar.com\/avatar\/f8ed65a216e85c21a48891af07f7939f9e5fe16861353ba8880559613af27467\",\"caption\":\"Fuensanta L\u00f3pez Guill\u00e9n\"},\"description\":\"Fuensanta L\u00f3pez Guillen es directora de Calidad en Telef\u00f3nica. Ingeniera Electr\u00f3nica por la Universidad de Granada, ha completado su formaci\u00f3n con un Master en Servicios de Telecomunicaciones por la UPC. Comenz\u00f3 su carrera profesional en Fujitsu, y en 1990 se incorpor\u00f3 en el equipo de soporte de grandes clientes de Telef\u00f3nica Espa\u00f1a. Ha desarrollado su actividad dentro de Telef\u00f3nica ocupando diferentes cargos y liderando proyectos relacionados con customer experiencie. Desde hace 5 a\u00f1os es la responsable de la Direcci\u00f3n de Calidad, implantando en la operadora diferentes iniciativas derivadas de la estrategia de sostenibilidad ambiental de la Compa\u00f1\u00eda.\",\"sameAs\":[\"https:\/\/www.linkedin.com\/in\/fuensanta-lpez-guilln-ba3818\/\"],\"url\":\"https:\/\/www.movistar.es\/blog\/author\/fuensantalg\/\"}]}<\/script>\n<!-- \/ Yoast SEO Premium plugin. -->","yoast_head_json":{"title":"La sostenibilidad, asunto prioritario para Movistar","description":"La sostenibilidad es un asunto prioritario para Movistar. Repasamos las claves y nuestras principales l\u00edneas de actuaci\u00f3n.","robots":{"index":"index","follow":"follow","max-snippet":"max-snippet:-1","max-image-preview":"max-image-preview:large","max-video-preview":"max-video-preview:-1"},"canonical":"https:\/\/www.movistar.es\/blog\/mi-movistar\/sostenibilidad-movistar\/","og_locale":"es_ES","og_type":"article","og_title":"La sostenibilidad, asunto prioritario para Movistar","og_description":"La sostenibilidad es un asunto prioritario para Movistar. Repasamos las claves y nuestras principales l\u00edneas de actuaci\u00f3n.","og_url":"https:\/\/www.movistar.es\/blog\/mi-movistar\/sostenibilidad-movistar\/","og_site_name":"Movistar blog","article_published_time":"2023-01-16T09:16:00+00:00","article_modified_time":"2023-01-18T11:52:55+00:00","og_image":[{"width":1020,"height":561,"url":"https:\/\/www.movistar.es\/blog\/wp-content\/uploads\/sites\/3\/2000\/08\/image001.png","type":"image\/png"}],"author":"Fuensanta L\u00f3pez Guill\u00e9n","twitter_card":"summary_large_image","twitter_misc":{"Written by":"Fuensanta L\u00f3pez Guill\u00e9n","Est. reading time":"4 minutos"},"schema":{"@context":"https:\/\/schema.org","@graph":[{"@type":"Article","@id":"https:\/\/www.movistar.es\/blog\/mi-movistar\/sostenibilidad-movistar\/#article","isPartOf":{"@id":"https:\/\/www.movistar.es\/blog\/mi-movistar\/sostenibilidad-movistar\/"},"author":{"name":"Fuensanta L\u00f3pez Guill\u00e9n","@id":"https:\/\/www.movistar.es\/blog\/#\/schema\/person\/a2973462d97ddfac74f1a0c4b1db0f09"},"headline":"La sostenibilidad, asunto prioritario para Movistar","datePublished":"2023-01-16T09:16:00+00:00","dateModified":"2023-01-18T11:52:55+00:00","mainEntityOfPage":{"@id":"https:\/\/www.movistar.es\/blog\/mi-movistar\/sostenibilidad-movistar\/"},"wordCount":818,"publisher":{"@id":"https:\/\/www.movistar.es\/blog\/#organization"},"image":{"@id":"https:\/\/www.movistar.es\/blog\/mi-movistar\/sostenibilidad-movistar\/#primaryimage"},"thumbnailUrl":"https:\/\/www.movistar.es\/blog\/wp-content\/uploads\/sites\/3\/2000\/08\/image001.png","inLanguage":"es"},{"@type":"WebPage","@id":"https:\/\/www.movistar.es\/blog\/mi-movistar\/sostenibilidad-movistar\/","url":"https:\/\/www.movistar.es\/blog\/mi-movistar\/sostenibilidad-movistar\/","name":"La sostenibilidad, asunto prioritario para Movistar","isPartOf":{"@id":"https:\/\/www.movistar.es\/blog\/#website"},"primaryImageOfPage":{"@id":"https:\/\/www.movistar.es\/blog\/mi-movistar\/sostenibilidad-movistar\/#primaryimage"},"image":{"@id":"https:\/\/www.movistar.es\/blog\/mi-movistar\/sostenibilidad-movistar\/#primaryimage"},"thumbnailUrl":"https:\/\/www.movistar.es\/blog\/wp-content\/uploads\/sites\/3\/2000\/08\/image001.png","datePublished":"2023-01-16T09:16:00+00:00","dateModified":"2023-01-18T11:52:55+00:00","description":"La sostenibilidad es un asunto prioritario para Movistar. Repasamos las claves y nuestras principales l\u00edneas de actuaci\u00f3n.","breadcrumb":{"@id":"https:\/\/www.movistar.es\/blog\/mi-movistar\/sostenibilidad-movistar\/#breadcrumb"},"inLanguage":"es","potentialAction":[{"@type":"ReadAction","target":["https:\/\/www.movistar.es\/blog\/mi-movistar\/sostenibilidad-movistar\/"]}]},{"@type":"ImageObject","inLanguage":"es","@id":"https:\/\/www.movistar.es\/blog\/mi-movistar\/sostenibilidad-movistar\/#primaryimage","url":"https:\/\/www.movistar.es\/blog\/wp-content\/uploads\/sites\/3\/2000\/08\/image001.png","contentUrl":"https:\/\/www.movistar.es\/blog\/wp-content\/uploads\/sites\/3\/2000\/08\/image001.png","width":1020,"height":561,"caption":"sostenibilidad movistar"},{"@type":"BreadcrumbList","@id":"https:\/\/www.movistar.es\/blog\/mi-movistar\/sostenibilidad-movistar\/#breadcrumb","itemListElement":[{"@type":"ListItem","position":1,"name":"Home","item":"https:\/\/www.movistar.es\/blog\/"},{"@type":"ListItem","position":2,"name":"La sostenibilidad, asunto prioritario para Movistar"}]},{"@type":"WebSite","@id":"https:\/\/www.movistar.es\/blog\/#website","url":"https:\/\/www.movistar.es\/blog\/","name":"Movistar blog","description":"Movistar Blog. Informaci\u00f3n y m\u00e1s sobre los productos y servicios de Movistar","publisher":{"@id":"https:\/\/www.movistar.es\/blog\/#organization"},"potentialAction":[{"@type":"SearchAction","target":{"@type":"EntryPoint","urlTemplate":"https:\/\/www.movistar.es\/blog\/?s={search_term_string}"},"query-input":{"@type":"PropertyValueSpecification","valueRequired":true,"valueName":"search_term_string"}}],"inLanguage":"es"},{"@type":"Organization","@id":"https:\/\/www.movistar.es\/blog\/#organization","name":"Movistar blog","url":"https:\/\/www.movistar.es\/blog\/","logo":{"@type":"ImageObject","inLanguage":"es","@id":"https:\/\/www.movistar.es\/blog\/#\/schema\/logo\/image\/","url":"https:\/\/www.movistar.es\/blog\/wp-content\/uploads\/sites\/3\/2022\/05\/logo_movistar-1.svg","contentUrl":"https:\/\/www.movistar.es\/blog\/wp-content\/uploads\/sites\/3\/2022\/05\/logo_movistar-1.svg","width":369,"height":272,"caption":"Movistar blog"},"image":{"@id":"https:\/\/www.movistar.es\/blog\/#\/schema\/logo\/image\/"}},{"@type":"Person","@id":"https:\/\/www.movistar.es\/blog\/#\/schema\/person\/a2973462d97ddfac74f1a0c4b1db0f09","name":"Fuensanta L\u00f3pez Guill\u00e9n","image":{"@type":"ImageObject","inLanguage":"es","@id":"https:\/\/www.movistar.es\/blog\/#\/schema\/person\/image\/3a10cc82e049cc94cbf5ce7cbe6ca4e3","url":"https:\/\/secure.gravatar.com\/avatar\/f8ed65a216e85c21a48891af07f7939f9e5fe16861353ba8880559613af27467","contentUrl":"https:\/\/secure.gravatar.com\/avatar\/f8ed65a216e85c21a48891af07f7939f9e5fe16861353ba8880559613af27467","caption":"Fuensanta L\u00f3pez Guill\u00e9n"},"description":"Fuensanta L\u00f3pez Guillen es directora de Calidad en Telef\u00f3nica. Ingeniera Electr\u00f3nica por la Universidad de Granada, ha completado su formaci\u00f3n con un Master en Servicios de Telecomunicaciones por la UPC. Comenz\u00f3 su carrera profesional en Fujitsu, y en 1990 se incorpor\u00f3 en el equipo de soporte de grandes clientes de Telef\u00f3nica Espa\u00f1a. Ha desarrollado su actividad dentro de Telef\u00f3nica ocupando diferentes cargos y liderando proyectos relacionados con customer experiencie. Desde hace 5 a\u00f1os es la responsable de la Direcci\u00f3n de Calidad, implantando en la operadora diferentes iniciativas derivadas de la estrategia de sostenibilidad ambiental de la Compa\u00f1\u00eda.","sameAs":["https:\/\/www.linkedin.com\/in\/fuensanta-lpez-guilln-ba3818\/"],"url":"https:\/\/www.movistar.es\/blog\/author\/fuensantalg\/"}]}},"jetpack_featured_media_url":"https:\/\/www.movistar.es\/blog\/wp-content\/uploads\/sites\/3\/2000\/08\/image001.png","jetpack_sharing_enabled":true,"_links":{"self":[{"href":"https:\/\/www.movistar.es\/blog\/wp-json\/wp\/v2\/posts\/10332","targetHints":{"allow":["GET"]}}],"collection":[{"href":"https:\/\/www.movistar.es\/blog\/wp-json\/wp\/v2\/posts"}],"about":[{"href":"https:\/\/www.movistar.es\/blog\/wp-json\/wp\/v2\/types\/post"}],"author":[{"embeddable":true,"href":"https:\/\/www.movistar.es\/blog\/wp-json\/wp\/v2\/users\/135"}],"replies":[{"embeddable":true,"href":"https:\/\/www.movistar.es\/blog\/wp-json\/wp\/v2\/comments?post=10332"}],"version-history":[{"count":7,"href":"https:\/\/www.movistar.es\/blog\/wp-json\/wp\/v2\/posts\/10332\/revisions"}],"predecessor-version":[{"id":10586,"href":"https:\/\/www.movistar.es\/blog\/wp-json\/wp\/v2\/posts\/10332\/revisions\/10586"}],"wp:featuredmedia":[{"embeddable":true,"href":"https:\/\/www.movistar.es\/blog\/wp-json\/wp\/v2\/media\/10430"}],"wp:attachment":[{"href":"https:\/\/www.movistar.es\/blog\/wp-json\/wp\/v2\/media?parent=10332"}],"wp:term":[{"taxonomy":"category","embeddable":true,"href":"https:\/\/www.movistar.es\/blog\/wp-json\/wp\/v2\/categories?post=10332"},{"taxonomy":"post_tag","embeddable":true,"href":"https:\/\/www.movistar.es\/blog\/wp-json\/wp\/v2\/tags?post=10332"},{"taxonomy":"area","embeddable":true,"href":"https:\/\/www.movistar.es\/blog\/wp-json\/wp\/v2\/area?post=10332"},{"taxonomy":"cluster","embeddable":true,"href":"https:\/\/www.movistar.es\/blog\/wp-json\/wp\/v2\/cluster?post=10332"},{"taxonomy":"linea_editorial","embeddable":true,"href":"https:\/\/www.movistar.es\/blog\/wp-json\/wp\/v2\/linea_editorial?post=10332"},{"taxonomy":"author","embeddable":true,"href":"https:\/\/www.movistar.es\/blog\/wp-json\/wp\/v2\/coauthors?post=10332"}],"curies":[{"name":"wp","href":"https:\/\/api.w.org\/{rel}","templated":true}]}}