{"id":10237,"date":"2023-01-04T12:01:00","date_gmt":"2023-01-04T11:01:00","guid":{"rendered":"https:\/\/www.movistar.es\/blog\/?p=10237"},"modified":"2023-01-04T12:01:25","modified_gmt":"2023-01-04T11:01:25","slug":"como-combatir-la-ansiedad-y-el-estres","status":"publish","type":"post","link":"https:\/\/www.movistar.es\/blog\/salud\/como-combatir-la-ansiedad-y-el-estres\/","title":{"rendered":"C\u00f3mo combatir la ansiedad y el estr\u00e9s"},"content":{"rendered":"\n<p>En nuestro vocabulario cotidiano, a menudo utilizamos como sin\u00f3nimos estar ansioso y estar estresado. Si bien muchos de los s\u00edntomas est\u00e1n presentes en ambas categor\u00edas diagn\u00f3sticas, en realidad son dos conceptos con un origen y funcionamiento muy diferente.<\/p>\n\n\n\n<p>A continuaci\u00f3n, veamos algunas de las diferencias entre ansiedad y estr\u00e9s, c\u00f3mo podemos\u00a0 identificarlas y c\u00f3mo hemos de abordarlas.<\/p>\n\n\n\n<h2 class=\"wp-block-heading\" class=\"wp-block-heading\" id=\"ansiedad-y-estres-como-se-originan\">Ansiedad y estr\u00e9s: c\u00f3mo se originan&nbsp;<\/h2>\n\n\n\n<p>La ansiedad es un indicador que activa nuestro sistema psicol\u00f3gico de que hay algo en nuestro planteamiento vital que no est\u00e1 funcionando como querr\u00edamos o como deber\u00eda ser: un trabajo nada gratificante, una relaci\u00f3n de pareja que no funciona, una elecci\u00f3n que nos desagrada\u2026<\/p>\n\n\n\n<p>Es una reacci\u00f3n psicol\u00f3gica que a menudo aparece cuando silenciamos (consciente o inconscientemente) el mensaje de que tenemos que cambiar ciertos aspectos, o lo desatendemos y no hacemos nada a pesar de que nos demos cuenta de esa necesidad.&nbsp;<\/p>\n\n\n\n<p>Sin embargo, muchas veces no entendemos qu\u00e9 hay detr\u00e1s de la ansiedad. Esto ocurre porque hay toda una serie de creencias que hacen una especie de pantalla que nos bloquea la visibilidad.&nbsp;<\/p>\n\n\n\n<p>As\u00ed pues, podr\u00edamos entender la ansiedad como la \u00faltima forma que tiene nuestro sistema psicol\u00f3gico de que lo atendamos. \u201cO me atiendes por las buenas o me tendr\u00e1s que atender por las malas\u201d.<\/p>\n\n\n\n<p>En otro orden de cosas, el estr\u00e9s es una reacci\u00f3n de agotamiento de nuestro sistema psicol\u00f3gico, que se produce por mantener demasiado tiempo un estado de hiperactivaci\u00f3n para hacer frente a situaciones particularmente exigentes. Puede producirse o bien porque no tenemos suficiente tiempo para descansar y desactivar toda la tensi\u00f3n, o porque no tenemos suficientes recursos para afrontar la situaci\u00f3n.\u00a0<\/p>\n\n\n\n<figure class=\"wp-block-image size-large\"><img loading=\"lazy\" decoding=\"async\" height=\"683\" width=\"1024\" src=\"https:\/\/www.movistar.es\/blog\/wp-content\/uploads\/sites\/3\/2023\/01\/Depositphotos_70820601_XL.jpg?w=1024\" alt=\"ansiedad estr\u00e9s\" class=\"wp-image-10251\" srcset=\"https:\/\/www.movistar.es\/blog\/wp-content\/uploads\/sites\/3\/2023\/01\/Depositphotos_70820601_XL.jpg 7360w, https:\/\/www.movistar.es\/blog\/wp-content\/uploads\/sites\/3\/2023\/01\/Depositphotos_70820601_XL.jpg?resize=300,200 300w, https:\/\/www.movistar.es\/blog\/wp-content\/uploads\/sites\/3\/2023\/01\/Depositphotos_70820601_XL.jpg?resize=768,513 768w, https:\/\/www.movistar.es\/blog\/wp-content\/uploads\/sites\/3\/2023\/01\/Depositphotos_70820601_XL.jpg?resize=1024,683 1024w, https:\/\/www.movistar.es\/blog\/wp-content\/uploads\/sites\/3\/2023\/01\/Depositphotos_70820601_XL.jpg?resize=1536,1025 1536w, https:\/\/www.movistar.es\/blog\/wp-content\/uploads\/sites\/3\/2023\/01\/Depositphotos_70820601_XL.jpg?resize=2048,1367 2048w\" sizes=\"auto, (max-width: 1024px) 100vw, 1024px\" \/><figcaption>Foto de <a href=\"https:\/\/sp.depositphotos.com\/portfolio-1010613.html\" target=\"_blank\" rel=\"noreferrer noopener\">AndreyPopov<\/a><\/figcaption><\/figure>\n\n\n\n<p>Utilizando una met\u00e1fora automovil\u00edstica, ser\u00eda como querer subir un puerto de monta\u00f1a siempre en primera. Si bien la primera es una marcha que potencia con mucha fuerza hacia adelante, si la mantenemos demasiado, quemamos el motor.&nbsp; As\u00ed pues, por norma general es m\u00e1s f\u00e1cil detectar el origen del estr\u00e9s que el de la ansiedad.<\/p>\n\n\n\n<h2 class=\"wp-block-heading\" class=\"wp-block-heading\" id=\"cuales-son-las-emociones-principales-de-la-ansiedad-y-el-estres\">Cu\u00e1les son las emociones principales de la ansiedad y el estr\u00e9s<\/h2>\n\n\n\n<p>En la ansiedad la emoci\u00f3n fundamental es el miedo y, si no se aborda correctamente, va expandi\u00e9ndose vertiginosamente por las diferentes \u00e1reas de la vida de la persona. Cuando est\u00e1 avanzado, se llega incluso al estado parad\u00f3jico de miedo al miedo.&nbsp;<\/p>\n\n\n\n<p>Existen diversos trastornos de ansiedad: trastorno de ansiedad generalizada, fobias, trastorno de ataque de p\u00e1nico, <a href=\"https:\/\/medlineplus.gov\/spanish\/ency\/article\/000923.htm\" target=\"_blank\" rel=\"noreferrer noopener\">agorafobia<\/a>\u2026 en todos ellos el com\u00fan denominador es esta emoci\u00f3n.<\/p>\n\n\n\n<p>El estr\u00e9s, en cambio, se rige fundamentalmente por la preocupaci\u00f3n y la frustraci\u00f3n, y el miedo suele ser m\u00e1s difuso o gen\u00e9rico.<\/p>\n\n\n\n<p>Por otro lado, la ansiedad suele estar m\u00e1s enfocada al futuro, a todo lo negativo que puede llegar a ocurrir, puesto que se nutre de la anticipaci\u00f3n de situaciones con un tono marcadamente negativo o catastrofista. Esto tiende a hacer que evitemos cada vez m\u00e1s situaciones, lo que a su vez aumenta a\u00fan m\u00e1s el miedo, y por tanto la ansiedad.<\/p>\n\n\n\n<p>Contrariamente, el estr\u00e9s acostumbra a estar m\u00e1s focalizado en el presente, puesto que lo inabordable de la situaci\u00f3n est\u00e1 ocurriendo justo ahora y hay una sensaci\u00f3n de que no podemos lidiar con las exigencias que nos impone.<\/p>\n\n\n\n<figure class=\"wp-block-image size-large\"><img loading=\"lazy\" decoding=\"async\" height=\"768\" width=\"1024\" src=\"https:\/\/www.movistar.es\/blog\/wp-content\/uploads\/sites\/3\/2023\/01\/Depositphotos_20401241_XL.jpg?w=1024\" alt=\"ansiedad estres\" class=\"wp-image-10252\" srcset=\"https:\/\/www.movistar.es\/blog\/wp-content\/uploads\/sites\/3\/2023\/01\/Depositphotos_20401241_XL.jpg 2800w, https:\/\/www.movistar.es\/blog\/wp-content\/uploads\/sites\/3\/2023\/01\/Depositphotos_20401241_XL.jpg?resize=300,225 300w, https:\/\/www.movistar.es\/blog\/wp-content\/uploads\/sites\/3\/2023\/01\/Depositphotos_20401241_XL.jpg?resize=768,576 768w, https:\/\/www.movistar.es\/blog\/wp-content\/uploads\/sites\/3\/2023\/01\/Depositphotos_20401241_XL.jpg?resize=1024,768 1024w, https:\/\/www.movistar.es\/blog\/wp-content\/uploads\/sites\/3\/2023\/01\/Depositphotos_20401241_XL.jpg?resize=1536,1152 1536w, https:\/\/www.movistar.es\/blog\/wp-content\/uploads\/sites\/3\/2023\/01\/Depositphotos_20401241_XL.jpg?resize=2048,1536 2048w, https:\/\/www.movistar.es\/blog\/wp-content\/uploads\/sites\/3\/2023\/01\/Depositphotos_20401241_XL.jpg?resize=320,240 320w\" sizes=\"auto, (max-width: 1024px) 100vw, 1024px\" \/><figcaption><em>Foto de <a href=\"https:\/\/sp.depositphotos.com\/portfolio-1192014.html\" target=\"_blank\" rel=\"noreferrer noopener\">Foto_Vika<\/a><\/em><\/figcaption><\/figure>\n\n\n\n<h2 class=\"wp-block-heading\" class=\"wp-block-heading\" id=\"los-desencadenantes-y-las-repercusiones-de-la-ansiedad-y-el-estres\">Los desencadenantes y las repercusiones de la ansiedad y el estr\u00e9s<\/h2>\n\n\n\n<p>Otra de las diferencias entre ansiedad y estr\u00e9s tiene que ver con sus desencadenantes. Aunque no siempre es f\u00e1cil distinguir entre factores externos e internos ya que suelen retroalimentarse mutuamente, el estr\u00e9s suele estar provocado por factores externos, es decir, factores que escapan a nuestro control.\u00a0<\/p>\n\n\n\n<p>La ansiedad en cambio depende m\u00e1s de factores internos, pensamientos y emociones que provienen de la anticipaci\u00f3n de la persona.<\/p>\n\n\n\n<p>En lo que respecta a sus repercusiones, la ansiedad es tremendamente dura e invalidante, pero tambi\u00e9n altamente segura a nivel de salud f\u00edsica. En pleno ataque de p\u00e1nico puede que tengamos la impresi\u00f3n de que vamos a morir de un accidente cardiovascular. En cambio, si nos hacen un electrocardiograma en ese momento sale perfecto.<\/p>\n\n\n\n<p>No obstante, el estr\u00e9s s\u00ed que puede tener implicaciones f\u00edsicas m\u00e1s peligrosas ya que activa el sistema nervioso aut\u00f3nomo, el sistema inmunitario, el sistema cardiovascular, el<a href=\"https:\/\/psiquiatria.com\/glosario\/eje-hipotalamo-hipofisis-suprarrenal\" target=\"_blank\" rel=\"noreferrer noopener\"> eje hipot\u00e1lamohip\u00f3fiso-adrenal<\/a> y el metabolismo. El estr\u00e9s es una respuesta neuroinmunoendocrina, influida por factores biol\u00f3gicos, cognitivos, ambientales y de personalidad.<\/p>\n\n\n\n<p>Por \u00faltimo, cabe destacar que el estr\u00e9s suele desaparecer cuando desaparece la situaci\u00f3n estresante, pero la ansiedad puede persistir m\u00e1s tiempo. Si los s\u00edntomas se mantienen, ser\u00eda necesario consultar a un psicoterapeuta.<\/p>\n\n\n\n<h2 class=\"wp-block-heading\" id=\"h-cuida-de-ti-con-movistar-salud\">Cuida de ti con Movistar Salud<\/h2>\n\n\n\n<p>Por suerte para aquellos que sufren de afecciones como la ansiedad o el estr\u00e9s, en nuestro pa\u00eds cada vez se le est\u00e1 dando la importancia que merece a los problemas de<a href=\"https:\/\/www.movistar.es\/blog\/salud\/como-detectar-a-tiempo-una-enfermedad-mental\/\" target=\"_blank\" rel=\"noreferrer noopener\"> salud mental<\/a>. Prueba de ello es el servicio Movistar Salud.<\/p>\n\n\n\n<p><a href=\"https:\/\/www.movistar.es\/particulares\/telemedicina-medico-online\/?pid=blogmovistar_salud_10237\" target=\"_blank\" rel=\"noreferrer noopener\">Se trata de un servicio de telemedicina gracias al cual podr\u00e1s cuidar de ti y de los tuyos en cualquier momento y lugar. A trav\u00e9s de su app, tendr\u00e1s acceso a un equipo de especialistas m\u00e9dicos como psic\u00f3logos, pediatras, dermat\u00f3logos o traumat\u00f3logos, entre otros.\u00a0<\/a>\u00a0<\/p>\n\n\n\n<p><em>Foto destacada por <a href=\"https:\/\/sp.depositphotos.com\/portfolio-1006472.html\" target=\"_blank\" rel=\"noreferrer noopener\">Stevanovicigor<\/a><\/em><\/p>\n","protected":false},"excerpt":{"rendered":"<p>En nuestro vocabulario cotidiano, a menudo utilizamos como sin\u00f3nimos estar ansioso y estar estresado. Si bien muchos de los s\u00edntomas est\u00e1n presentes en ambas categor\u00edas diagn\u00f3sticas, en realidad son dos conceptos con un origen y [&hellip;]<\/p>\n","protected":false},"author":119,"featured_media":10250,"comment_status":"closed","ping_status":"closed","sticky":false,"template":"","format":"standard","meta":{"site-sidebar-layout":"default","site-content-layout":"","ast-site-content-layout":"","site-content-style":"default","site-sidebar-style":"default","ast-global-header-display":"","ast-banner-title-visibility":"","ast-main-header-display":"","ast-hfb-above-header-display":"","ast-hfb-below-header-display":"","ast-hfb-mobile-header-display":"","site-post-title":"","ast-breadcrumbs-content":"","ast-featured-img":"","footer-sml-layout":"","theme-transparent-header-meta":"","adv-header-id-meta":"","stick-header-meta":"","header-above-stick-meta":"","header-main-stick-meta":"","header-below-stick-meta":"","astra-migrate-meta-layouts":"default","ast-page-background-enabled":"default","ast-page-background-meta":{"desktop":{"background-color":"var(--ast-global-color-4)","background-image":"","background-repeat":"repeat","background-position":"center center","background-size":"auto","background-attachment":"scroll","background-type":"","background-media":"","overlay-type":"","overlay-color":"","overlay-opacity":"","overlay-gradient":""},"tablet":{"background-color":"","background-image":"","background-repeat":"repeat","background-position":"center center","background-size":"auto","background-attachment":"scroll","background-type":"","background-media":"","overlay-type":"","overlay-color":"","overlay-opacity":"","overlay-gradient":""},"mobile":{"background-color":"","background-image":"","background-repeat":"repeat","background-position":"center center","background-size":"auto","background-attachment":"scroll","background-type":"","background-media":"","overlay-type":"","overlay-color":"","overlay-opacity":"","overlay-gradient":""}},"ast-content-background-meta":{"desktop":{"background-color":"var(--ast-global-color-5)","background-image":"","background-repeat":"repeat","background-position":"center center","background-size":"auto","background-attachment":"scroll","background-type":"","background-media":"","overlay-type":"","overlay-color":"","overlay-opacity":"","overlay-gradient":""},"tablet":{"background-color":"var(--ast-global-color-5)","background-image":"","background-repeat":"repeat","background-position":"center center","background-size":"auto","background-attachment":"scroll","background-type":"","background-media":"","overlay-type":"","overlay-color":"","overlay-opacity":"","overlay-gradient":""},"mobile":{"background-color":"var(--ast-global-color-5)","background-image":"","background-repeat":"repeat","background-position":"center center","background-size":"auto","background-attachment":"scroll","background-type":"","background-media":"","overlay-type":"","overlay-color":"","overlay-opacity":"","overlay-gradient":""}},"_jetpack_memberships_contains_paid_content":false,"footnotes":""},"categories":[1],"tags":[],"area":[427],"cluster":[99],"linea_editorial":[],"coauthors":[509],"class_list":["post-10237","post","type-post","status-publish","format-standard","has-post-thumbnail","hentry","category-sin-categoria","area-gametv","cluster-salud"],"yoast_head":"<!-- This site is optimized with the Yoast SEO Premium plugin v25.5 (Yoast SEO v25.5) - https:\/\/yoast.com\/wordpress\/plugins\/seo\/ -->\n<title>C\u00f3mo combatir la ansiedad y el estr\u00e9s<\/title>\n<meta name=\"description\" content=\"Hablamos sobre la ansiedad y el estr\u00e9s: c\u00f3mo se originan, qu\u00e9 emociones producen y cu\u00e1les son sus efectos sobre nuestra salud.\" \/>\n<meta name=\"robots\" content=\"index, follow, max-snippet:-1, max-image-preview:large, max-video-preview:-1\" \/>\n<link rel=\"canonical\" href=\"https:\/\/www.movistar.es\/blog\/salud\/como-combatir-la-ansiedad-y-el-estres\/\" \/>\n<meta property=\"og:locale\" content=\"es_ES\" \/>\n<meta property=\"og:type\" content=\"article\" \/>\n<meta property=\"og:title\" content=\"C\u00f3mo combatir la ansiedad y el estr\u00e9s\" \/>\n<meta property=\"og:description\" content=\"Hablamos sobre la ansiedad y el estr\u00e9s: c\u00f3mo se originan, qu\u00e9 emociones producen y cu\u00e1les son sus efectos sobre nuestra salud.\" \/>\n<meta property=\"og:url\" content=\"https:\/\/www.movistar.es\/blog\/salud\/como-combatir-la-ansiedad-y-el-estres\/\" \/>\n<meta property=\"og:site_name\" content=\"Movistar blog\" \/>\n<meta property=\"article:published_time\" content=\"2023-01-04T11:01:00+00:00\" \/>\n<meta property=\"article:modified_time\" content=\"2023-01-04T11:01:25+00:00\" \/>\n<meta name=\"author\" content=\"Equipo de Psicolog\u00eda de Teladoc\" \/>\n<meta name=\"twitter:card\" content=\"summary_large_image\" \/>\n<meta name=\"twitter:image\" content=\"https:\/\/www.movistar.es\/blog\/wp-content\/uploads\/sites\/3\/2000\/08\/Depositphotos_63461617_XL.jpg\" \/>\n<meta name=\"twitter:label1\" content=\"Written by\" \/>\n\t<meta name=\"twitter:data1\" content=\"Equipo de Psicolog\u00eda de Teladoc\" \/>\n\t<meta name=\"twitter:label2\" content=\"Est. reading time\" \/>\n\t<meta name=\"twitter:data2\" content=\"5 minutos\" \/>\n<script type=\"application\/ld+json\" class=\"yoast-schema-graph\">{\"@context\":\"https:\/\/schema.org\",\"@graph\":[{\"@type\":\"Article\",\"@id\":\"https:\/\/www.movistar.es\/blog\/salud\/como-combatir-la-ansiedad-y-el-estres\/#article\",\"isPartOf\":{\"@id\":\"https:\/\/www.movistar.es\/blog\/salud\/como-combatir-la-ansiedad-y-el-estres\/\"},\"author\":{\"name\":\"Equipo de Psicolog\u00eda de Teladoc\",\"@id\":\"https:\/\/www.movistar.es\/blog\/#\/schema\/person\/e8108e00063d6ca43b29faf082df0f8c\"},\"headline\":\"C\u00f3mo combatir la ansiedad y el estr\u00e9s\",\"datePublished\":\"2023-01-04T11:01:00+00:00\",\"dateModified\":\"2023-01-04T11:01:25+00:00\",\"mainEntityOfPage\":{\"@id\":\"https:\/\/www.movistar.es\/blog\/salud\/como-combatir-la-ansiedad-y-el-estres\/\"},\"wordCount\":936,\"publisher\":{\"@id\":\"https:\/\/www.movistar.es\/blog\/#organization\"},\"image\":{\"@id\":\"https:\/\/www.movistar.es\/blog\/salud\/como-combatir-la-ansiedad-y-el-estres\/#primaryimage\"},\"thumbnailUrl\":\"https:\/\/www.movistar.es\/blog\/wp-content\/uploads\/sites\/3\/2000\/08\/Depositphotos_63461617_XL.jpg\",\"inLanguage\":\"es\"},{\"@type\":\"WebPage\",\"@id\":\"https:\/\/www.movistar.es\/blog\/salud\/como-combatir-la-ansiedad-y-el-estres\/\",\"url\":\"https:\/\/www.movistar.es\/blog\/salud\/como-combatir-la-ansiedad-y-el-estres\/\",\"name\":\"C\u00f3mo combatir la ansiedad y el estr\u00e9s\",\"isPartOf\":{\"@id\":\"https:\/\/www.movistar.es\/blog\/#website\"},\"primaryImageOfPage\":{\"@id\":\"https:\/\/www.movistar.es\/blog\/salud\/como-combatir-la-ansiedad-y-el-estres\/#primaryimage\"},\"image\":{\"@id\":\"https:\/\/www.movistar.es\/blog\/salud\/como-combatir-la-ansiedad-y-el-estres\/#primaryimage\"},\"thumbnailUrl\":\"https:\/\/www.movistar.es\/blog\/wp-content\/uploads\/sites\/3\/2000\/08\/Depositphotos_63461617_XL.jpg\",\"datePublished\":\"2023-01-04T11:01:00+00:00\",\"dateModified\":\"2023-01-04T11:01:25+00:00\",\"description\":\"Hablamos sobre la ansiedad y el estr\u00e9s: c\u00f3mo se originan, qu\u00e9 emociones producen y cu\u00e1les son sus efectos sobre nuestra salud.\",\"breadcrumb\":{\"@id\":\"https:\/\/www.movistar.es\/blog\/salud\/como-combatir-la-ansiedad-y-el-estres\/#breadcrumb\"},\"inLanguage\":\"es\",\"potentialAction\":[{\"@type\":\"ReadAction\",\"target\":[\"https:\/\/www.movistar.es\/blog\/salud\/como-combatir-la-ansiedad-y-el-estres\/\"]}]},{\"@type\":\"ImageObject\",\"inLanguage\":\"es\",\"@id\":\"https:\/\/www.movistar.es\/blog\/salud\/como-combatir-la-ansiedad-y-el-estres\/#primaryimage\",\"url\":\"https:\/\/www.movistar.es\/blog\/wp-content\/uploads\/sites\/3\/2000\/08\/Depositphotos_63461617_XL.jpg\",\"contentUrl\":\"https:\/\/www.movistar.es\/blog\/wp-content\/uploads\/sites\/3\/2000\/08\/Depositphotos_63461617_XL.jpg\",\"width\":3750,\"height\":2503,\"caption\":\"ansiedad estr\u00e9s\"},{\"@type\":\"BreadcrumbList\",\"@id\":\"https:\/\/www.movistar.es\/blog\/salud\/como-combatir-la-ansiedad-y-el-estres\/#breadcrumb\",\"itemListElement\":[{\"@type\":\"ListItem\",\"position\":1,\"name\":\"Home\",\"item\":\"https:\/\/www.movistar.es\/blog\/\"},{\"@type\":\"ListItem\",\"position\":2,\"name\":\"C\u00f3mo combatir la ansiedad y el estr\u00e9s\"}]},{\"@type\":\"WebSite\",\"@id\":\"https:\/\/www.movistar.es\/blog\/#website\",\"url\":\"https:\/\/www.movistar.es\/blog\/\",\"name\":\"Movistar blog\",\"description\":\"Movistar Blog. Informaci\u00f3n y m\u00e1s sobre los productos y servicios de Movistar\",\"publisher\":{\"@id\":\"https:\/\/www.movistar.es\/blog\/#organization\"},\"potentialAction\":[{\"@type\":\"SearchAction\",\"target\":{\"@type\":\"EntryPoint\",\"urlTemplate\":\"https:\/\/www.movistar.es\/blog\/?s={search_term_string}\"},\"query-input\":{\"@type\":\"PropertyValueSpecification\",\"valueRequired\":true,\"valueName\":\"search_term_string\"}}],\"inLanguage\":\"es\"},{\"@type\":\"Organization\",\"@id\":\"https:\/\/www.movistar.es\/blog\/#organization\",\"name\":\"Movistar blog\",\"url\":\"https:\/\/www.movistar.es\/blog\/\",\"logo\":{\"@type\":\"ImageObject\",\"inLanguage\":\"es\",\"@id\":\"https:\/\/www.movistar.es\/blog\/#\/schema\/logo\/image\/\",\"url\":\"https:\/\/www.movistar.es\/blog\/wp-content\/uploads\/sites\/3\/2022\/05\/logo_movistar-1.svg\",\"contentUrl\":\"https:\/\/www.movistar.es\/blog\/wp-content\/uploads\/sites\/3\/2022\/05\/logo_movistar-1.svg\",\"width\":369,\"height\":272,\"caption\":\"Movistar blog\"},\"image\":{\"@id\":\"https:\/\/www.movistar.es\/blog\/#\/schema\/logo\/image\/\"}},{\"@type\":\"Person\",\"@id\":\"https:\/\/www.movistar.es\/blog\/#\/schema\/person\/e8108e00063d6ca43b29faf082df0f8c\",\"name\":\"Equipo de Psicolog\u00eda de Teladoc\",\"image\":{\"@type\":\"ImageObject\",\"inLanguage\":\"es\",\"@id\":\"https:\/\/www.movistar.es\/blog\/#\/schema\/person\/image\/d3184f1b60fa6e1ee3afe290139ea877\",\"url\":\"https:\/\/secure.gravatar.com\/avatar\/535cf120c17ee5228bf826b83c9e871ebb771bf7aae8a3e9aa423aef3b055956\",\"contentUrl\":\"https:\/\/secure.gravatar.com\/avatar\/535cf120c17ee5228bf826b83c9e871ebb771bf7aae8a3e9aa423aef3b055956\",\"caption\":\"Equipo de Psicolog\u00eda de Teladoc\"},\"description\":\"Equipo de psic\u00f3logos profesionales en activo que atienden a diario las consultas de los usuarios. Especialistas motivados por transmitir sus conocimientos y consejos de una forma clara y entendible. Todos ellos forman parte de Teladoc Health, compa\u00f1\u00eda l\u00edder mundial en el sector de la telemedicina.\",\"sameAs\":[\"https:\/\/www.linkedin.com\/company\/teladoc-health\",\"https:\/\/en.wikipedia.org\/wiki\/Teladoc_Health\"],\"knowsAbout\":[\"psicolog\u00eda\",\"medicina\"],\"url\":\"https:\/\/www.movistar.es\/blog\/author\/equipopsicologiateladoc\/\"}]}<\/script>\n<!-- \/ Yoast SEO Premium plugin. -->","yoast_head_json":{"title":"C\u00f3mo combatir la ansiedad y el estr\u00e9s","description":"Hablamos sobre la ansiedad y el estr\u00e9s: c\u00f3mo se originan, qu\u00e9 emociones producen y cu\u00e1les son sus efectos sobre nuestra salud.","robots":{"index":"index","follow":"follow","max-snippet":"max-snippet:-1","max-image-preview":"max-image-preview:large","max-video-preview":"max-video-preview:-1"},"canonical":"https:\/\/www.movistar.es\/blog\/salud\/como-combatir-la-ansiedad-y-el-estres\/","og_locale":"es_ES","og_type":"article","og_title":"C\u00f3mo combatir la ansiedad y el estr\u00e9s","og_description":"Hablamos sobre la ansiedad y el estr\u00e9s: c\u00f3mo se originan, qu\u00e9 emociones producen y cu\u00e1les son sus efectos sobre nuestra salud.","og_url":"https:\/\/www.movistar.es\/blog\/salud\/como-combatir-la-ansiedad-y-el-estres\/","og_site_name":"Movistar blog","article_published_time":"2023-01-04T11:01:00+00:00","article_modified_time":"2023-01-04T11:01:25+00:00","author":"Equipo de Psicolog\u00eda de Teladoc","twitter_card":"summary_large_image","twitter_image":"https:\/\/www.movistar.es\/blog\/wp-content\/uploads\/sites\/3\/2000\/08\/Depositphotos_63461617_XL.jpg","twitter_misc":{"Written by":"Equipo de Psicolog\u00eda de Teladoc","Est. reading time":"5 minutos"},"schema":{"@context":"https:\/\/schema.org","@graph":[{"@type":"Article","@id":"https:\/\/www.movistar.es\/blog\/salud\/como-combatir-la-ansiedad-y-el-estres\/#article","isPartOf":{"@id":"https:\/\/www.movistar.es\/blog\/salud\/como-combatir-la-ansiedad-y-el-estres\/"},"author":{"name":"Equipo de Psicolog\u00eda de Teladoc","@id":"https:\/\/www.movistar.es\/blog\/#\/schema\/person\/e8108e00063d6ca43b29faf082df0f8c"},"headline":"C\u00f3mo combatir la ansiedad y el estr\u00e9s","datePublished":"2023-01-04T11:01:00+00:00","dateModified":"2023-01-04T11:01:25+00:00","mainEntityOfPage":{"@id":"https:\/\/www.movistar.es\/blog\/salud\/como-combatir-la-ansiedad-y-el-estres\/"},"wordCount":936,"publisher":{"@id":"https:\/\/www.movistar.es\/blog\/#organization"},"image":{"@id":"https:\/\/www.movistar.es\/blog\/salud\/como-combatir-la-ansiedad-y-el-estres\/#primaryimage"},"thumbnailUrl":"https:\/\/www.movistar.es\/blog\/wp-content\/uploads\/sites\/3\/2000\/08\/Depositphotos_63461617_XL.jpg","inLanguage":"es"},{"@type":"WebPage","@id":"https:\/\/www.movistar.es\/blog\/salud\/como-combatir-la-ansiedad-y-el-estres\/","url":"https:\/\/www.movistar.es\/blog\/salud\/como-combatir-la-ansiedad-y-el-estres\/","name":"C\u00f3mo combatir la ansiedad y el estr\u00e9s","isPartOf":{"@id":"https:\/\/www.movistar.es\/blog\/#website"},"primaryImageOfPage":{"@id":"https:\/\/www.movistar.es\/blog\/salud\/como-combatir-la-ansiedad-y-el-estres\/#primaryimage"},"image":{"@id":"https:\/\/www.movistar.es\/blog\/salud\/como-combatir-la-ansiedad-y-el-estres\/#primaryimage"},"thumbnailUrl":"https:\/\/www.movistar.es\/blog\/wp-content\/uploads\/sites\/3\/2000\/08\/Depositphotos_63461617_XL.jpg","datePublished":"2023-01-04T11:01:00+00:00","dateModified":"2023-01-04T11:01:25+00:00","description":"Hablamos sobre la ansiedad y el estr\u00e9s: c\u00f3mo se originan, qu\u00e9 emociones producen y cu\u00e1les son sus efectos sobre nuestra salud.","breadcrumb":{"@id":"https:\/\/www.movistar.es\/blog\/salud\/como-combatir-la-ansiedad-y-el-estres\/#breadcrumb"},"inLanguage":"es","potentialAction":[{"@type":"ReadAction","target":["https:\/\/www.movistar.es\/blog\/salud\/como-combatir-la-ansiedad-y-el-estres\/"]}]},{"@type":"ImageObject","inLanguage":"es","@id":"https:\/\/www.movistar.es\/blog\/salud\/como-combatir-la-ansiedad-y-el-estres\/#primaryimage","url":"https:\/\/www.movistar.es\/blog\/wp-content\/uploads\/sites\/3\/2000\/08\/Depositphotos_63461617_XL.jpg","contentUrl":"https:\/\/www.movistar.es\/blog\/wp-content\/uploads\/sites\/3\/2000\/08\/Depositphotos_63461617_XL.jpg","width":3750,"height":2503,"caption":"ansiedad estr\u00e9s"},{"@type":"BreadcrumbList","@id":"https:\/\/www.movistar.es\/blog\/salud\/como-combatir-la-ansiedad-y-el-estres\/#breadcrumb","itemListElement":[{"@type":"ListItem","position":1,"name":"Home","item":"https:\/\/www.movistar.es\/blog\/"},{"@type":"ListItem","position":2,"name":"C\u00f3mo combatir la ansiedad y el estr\u00e9s"}]},{"@type":"WebSite","@id":"https:\/\/www.movistar.es\/blog\/#website","url":"https:\/\/www.movistar.es\/blog\/","name":"Movistar blog","description":"Movistar Blog. Informaci\u00f3n y m\u00e1s sobre los productos y servicios de Movistar","publisher":{"@id":"https:\/\/www.movistar.es\/blog\/#organization"},"potentialAction":[{"@type":"SearchAction","target":{"@type":"EntryPoint","urlTemplate":"https:\/\/www.movistar.es\/blog\/?s={search_term_string}"},"query-input":{"@type":"PropertyValueSpecification","valueRequired":true,"valueName":"search_term_string"}}],"inLanguage":"es"},{"@type":"Organization","@id":"https:\/\/www.movistar.es\/blog\/#organization","name":"Movistar blog","url":"https:\/\/www.movistar.es\/blog\/","logo":{"@type":"ImageObject","inLanguage":"es","@id":"https:\/\/www.movistar.es\/blog\/#\/schema\/logo\/image\/","url":"https:\/\/www.movistar.es\/blog\/wp-content\/uploads\/sites\/3\/2022\/05\/logo_movistar-1.svg","contentUrl":"https:\/\/www.movistar.es\/blog\/wp-content\/uploads\/sites\/3\/2022\/05\/logo_movistar-1.svg","width":369,"height":272,"caption":"Movistar blog"},"image":{"@id":"https:\/\/www.movistar.es\/blog\/#\/schema\/logo\/image\/"}},{"@type":"Person","@id":"https:\/\/www.movistar.es\/blog\/#\/schema\/person\/e8108e00063d6ca43b29faf082df0f8c","name":"Equipo de Psicolog\u00eda de Teladoc","image":{"@type":"ImageObject","inLanguage":"es","@id":"https:\/\/www.movistar.es\/blog\/#\/schema\/person\/image\/d3184f1b60fa6e1ee3afe290139ea877","url":"https:\/\/secure.gravatar.com\/avatar\/535cf120c17ee5228bf826b83c9e871ebb771bf7aae8a3e9aa423aef3b055956","contentUrl":"https:\/\/secure.gravatar.com\/avatar\/535cf120c17ee5228bf826b83c9e871ebb771bf7aae8a3e9aa423aef3b055956","caption":"Equipo de Psicolog\u00eda de Teladoc"},"description":"Equipo de psic\u00f3logos profesionales en activo que atienden a diario las consultas de los usuarios. Especialistas motivados por transmitir sus conocimientos y consejos de una forma clara y entendible. Todos ellos forman parte de Teladoc Health, compa\u00f1\u00eda l\u00edder mundial en el sector de la telemedicina.","sameAs":["https:\/\/www.linkedin.com\/company\/teladoc-health","https:\/\/en.wikipedia.org\/wiki\/Teladoc_Health"],"knowsAbout":["psicolog\u00eda","medicina"],"url":"https:\/\/www.movistar.es\/blog\/author\/equipopsicologiateladoc\/"}]}},"jetpack_featured_media_url":"https:\/\/www.movistar.es\/blog\/wp-content\/uploads\/sites\/3\/2000\/08\/Depositphotos_63461617_XL.jpg","jetpack_sharing_enabled":true,"_links":{"self":[{"href":"https:\/\/www.movistar.es\/blog\/wp-json\/wp\/v2\/posts\/10237","targetHints":{"allow":["GET"]}}],"collection":[{"href":"https:\/\/www.movistar.es\/blog\/wp-json\/wp\/v2\/posts"}],"about":[{"href":"https:\/\/www.movistar.es\/blog\/wp-json\/wp\/v2\/types\/post"}],"author":[{"embeddable":true,"href":"https:\/\/www.movistar.es\/blog\/wp-json\/wp\/v2\/users\/119"}],"replies":[{"embeddable":true,"href":"https:\/\/www.movistar.es\/blog\/wp-json\/wp\/v2\/comments?post=10237"}],"version-history":[{"count":3,"href":"https:\/\/www.movistar.es\/blog\/wp-json\/wp\/v2\/posts\/10237\/revisions"}],"predecessor-version":[{"id":10253,"href":"https:\/\/www.movistar.es\/blog\/wp-json\/wp\/v2\/posts\/10237\/revisions\/10253"}],"wp:featuredmedia":[{"embeddable":true,"href":"https:\/\/www.movistar.es\/blog\/wp-json\/wp\/v2\/media\/10250"}],"wp:attachment":[{"href":"https:\/\/www.movistar.es\/blog\/wp-json\/wp\/v2\/media?parent=10237"}],"wp:term":[{"taxonomy":"category","embeddable":true,"href":"https:\/\/www.movistar.es\/blog\/wp-json\/wp\/v2\/categories?post=10237"},{"taxonomy":"post_tag","embeddable":true,"href":"https:\/\/www.movistar.es\/blog\/wp-json\/wp\/v2\/tags?post=10237"},{"taxonomy":"area","embeddable":true,"href":"https:\/\/www.movistar.es\/blog\/wp-json\/wp\/v2\/area?post=10237"},{"taxonomy":"cluster","embeddable":true,"href":"https:\/\/www.movistar.es\/blog\/wp-json\/wp\/v2\/cluster?post=10237"},{"taxonomy":"linea_editorial","embeddable":true,"href":"https:\/\/www.movistar.es\/blog\/wp-json\/wp\/v2\/linea_editorial?post=10237"},{"taxonomy":"author","embeddable":true,"href":"https:\/\/www.movistar.es\/blog\/wp-json\/wp\/v2\/coauthors?post=10237"}],"curies":[{"name":"wp","href":"https:\/\/api.w.org\/{rel}","templated":true}]}}